{"id":37064,"date":"2017-02-24T13:21:16","date_gmt":"2017-02-24T13:21:16","guid":{"rendered":"http:\/\/plazajuarez.mx\/index\/index.php\/2017\/02\/24\/esclarecen-asalto-robo-y-secuestro-expres\/"},"modified":"2017-02-24T13:21:16","modified_gmt":"2017-02-24T13:21:16","slug":"esclarecen-asalto-robo-y-secuestro-expres","status":"publish","type":"post","link":"https:\/\/plazajuarez.mx\/historico\/esclarecen-asalto-robo-y-secuestro-expres\/","title":{"rendered":"ESCLARECEN ASALTO, ROBO Y SECUESTRO EXPR\u00c9S"},"content":{"rendered":"<p>La PGJEH <\/p>\n<p>  <!--more-->  <\/p>\n<p>Por asalto equiparado agravado, robo y secuestro expr\u00e9s, Procuradur\u00eda de Hidalgo detuvo a un hombre de iniciales F.A.G.C.<br \/>En octubre de 2011, el gerente de la empresa GASAMAKE S.A. de C.V. de iniciales F.V.S sali\u00f3 de las instalaciones de la Feria San Francisco de Pachuca, aproximadamente entre las 2 y 3 de la ma\u00f1ana, rumbo a su casa.<br \/>Al llegar a su domicilio dos personas descendieron de un Volkswagen para amagarlo con armas de fuego y privarlo de su libertad, oblig\u00e1ndolo a que llamara a un empleado para que le llevara a su domicilio la cuenta del d\u00eda de la empresa.<br \/>Una vez que entregaron el dinero a uno de los dos sujetos, ambos ingresaron al domicilio de la v\u00edctima con la finalidad de llevarse m\u00e1s dinero, apoder\u00e1ndose en ese momento de una cantidad aproximada de $89,000.00 (Ochenta y nueve mil pesos 00\/100 MN) y las dos personas huyeron.<br \/>En el Ministerio P\u00fablico se inici\u00f3 la investigaci\u00f3n. En sus declaraciones el afectado mencion\u00f3 que una de sus empleadas de iniciales A.G.O. conoci\u00f3 a dos sujetos, uno de ellos de iniciales F.A.G.C., originario del Estado de M\u00e9xico.<br \/>Al realizar las pesquisas la Polic\u00eda de Investigaci\u00f3n obtuvo elementos para solicitar al juez la consignaci\u00f3n de la empleada, por su presunta complicidad al proporcionar a los presuntos delincuentes informaci\u00f3n de los agraviados.<br \/>Continuando con la investigaci\u00f3n, despu\u00e9s de varios meses, la Polic\u00eda de Investigaci\u00f3n obtuvo informaci\u00f3n suficiente para dar con el paradero del presunto responsable quien fue detenido tras existir se\u00f1alamientos directos en su contra, e ingresado al Centro de Reinserci\u00f3n Social de esta ciudad para dar cumplimiento a la causa penal 23\/12 radicada en el Juzgado Segundo Penal.<\/p>\n","protected":false},"excerpt":{"rendered":"<p>La PGJEH<\/p>\n","protected":false},"author":93,"featured_media":0,"comment_status":"open","ping_status":"open","sticky":false,"template":"","format":"standard","meta":{"footnotes":""},"categories":[37],"tags":[],"class_list":["post-37064","post","type-post","status-publish","format-standard","hentry","category-barandilla"],"_links":{"self":[{"href":"https:\/\/plazajuarez.mx\/historico\/wp-json\/wp\/v2\/posts\/37064","targetHints":{"allow":["GET"]}}],"collection":[{"href":"https:\/\/plazajuarez.mx\/historico\/wp-json\/wp\/v2\/posts"}],"about":[{"href":"https:\/\/plazajuarez.mx\/historico\/wp-json\/wp\/v2\/types\/post"}],"author":[{"embeddable":true,"href":"https:\/\/plazajuarez.mx\/historico\/wp-json\/wp\/v2\/users\/93"}],"replies":[{"embeddable":true,"href":"https:\/\/plazajuarez.mx\/historico\/wp-json\/wp\/v2\/comments?post=37064"}],"version-history":[{"count":0,"href":"https:\/\/plazajuarez.mx\/historico\/wp-json\/wp\/v2\/posts\/37064\/revisions"}],"wp:attachment":[{"href":"https:\/\/plazajuarez.mx\/historico\/wp-json\/wp\/v2\/media?parent=37064"}],"wp:term":[{"taxonomy":"category","embeddable":true,"href":"https:\/\/plazajuarez.mx\/historico\/wp-json\/wp\/v2\/categories?post=37064"},{"taxonomy":"post_tag","embeddable":true,"href":"https:\/\/plazajuarez.mx\/historico\/wp-json\/wp\/v2\/tags?post=37064"}],"curies":[{"name":"wp","href":"https:\/\/api.w.org\/{rel}","templated":true}]}}