{"id":37028,"date":"2017-02-23T13:39:06","date_gmt":"2017-02-23T13:39:06","guid":{"rendered":"http:\/\/plazajuarez.mx\/index\/index.php\/2017\/02\/23\/que-sepan-los-migrantes-que-no-estan-solos\/"},"modified":"2017-02-23T13:39:06","modified_gmt":"2017-02-23T13:39:06","slug":"que-sepan-los-migrantes-que-no-estan-solos","status":"publish","type":"post","link":"https:\/\/plazajuarez.mx\/historico\/que-sepan-los-migrantes-que-no-estan-solos\/","title":{"rendered":"Que sepan los migrantes que no est\u00e1n solos"},"content":{"rendered":"<p>La pol\u00edtica migratoria de Donald Trump es una pol\u00edtica de terror: redadas masivas, m\u00e1s y m\u00e1s deportaciones; es una pol\u00edtica que busca, y lo ha logrado, provocar miedo en los migrantes ilegales<\/p>\n<p>  <!--more-->  <\/p>\n<p>Los migrantes mexicanos que ingresaron sin cumplir requisitos legales a Estados Unidos, est\u00e1n urgidos de apoyo. La est\u00e1n pasando muy mal. Se sienten amenazados y desprotegidos, y lo est\u00e1n. La pol\u00edtica migratoria de Donald Trump es una pol\u00edtica de terror: redadas masivas, m\u00e1s y m\u00e1s deportaciones; es una pol\u00edtica que busca, y lo ha logrado, provocar miedo en los migrantes ilegales. Por ser de car\u00e1cter humanitario, es sin duda un problema m\u00e1s grave que todo lo que tiene que ver con probable fin del Tratado de Libre Comercio.<br \/>Cualquiera pensar\u00eda que un asunto tan complejo como la migraci\u00f3n ilegal, que encierra en s\u00ed mismo un conflicto de fondo para ambas naciones, deber\u00eda de abordarse de forma bilateral, con visi\u00f3n estrat\u00e9gica, buscando soluciones de corto, mediano y largo plazo, y no, como pretende resolverlo Trump: deport\u00e1ndolos a todos. El tema de la migraci\u00f3n mexicana a Estados Unidos es un problema sumamente complicado y de responsabilidad compartida. Adem\u00e1s, parece que se olvida que cuando hablamos de migraci\u00f3n, nos estamos refiriendo a seres humanos que se han visto en la necesidad de buscar mejores condiciones de vida en lugares distintos a su pa\u00eds de origen. Seres humanos que dejan atr\u00e1s a sus familias y pasan muchos trabajos en busca de un futuro por dem\u00e1s incierto, a los que se les debe garantizar la protecci\u00f3n de sus derechos humanos.<br \/>Si hubiera cordura de parte del gobierno estadounidense, se dar\u00edan cuenta de que no es radicalizando posturas como se va resolver el problema y se podr\u00eda negociar una salida de corto, mediano y largo plazo. En el corto plazo, se requerir\u00eda de una urgente mejora en los programas de vigilancia en la frontera para contener el tr\u00e1fico de personas. En el mediano plazo, el esfuerzo se podr\u00eda enfocar en el reconocimiento del aporte de los migrantes a la econom\u00eda estadounidense; y en el largo plazo, se tendr\u00eda que ver al problema de la migraci\u00f3n como un problema regional, en el que el impulso y mejora de las econom\u00edas jugar\u00eda un papel fundamental en la soluci\u00f3n del problema. Evidentemente, eso no va a suceder con el actual gobierno de EU, no existen las condiciones para alg\u00fan tipo de negociaci\u00f3n. Esa es la triste realidad y lo que nuestro gobierno tiene que hacer es dar a nuestros connacionales todo el apoyo y protecci\u00f3n posible.<br \/>Los migrantes mexicanos en situaci\u00f3n de riesgo est\u00e1n esperando todo el respaldo que nuestro pa\u00eds les pueda dar para su defensa en los tribunales estadounidenses. Est\u00e1n convencidos de que lo que se pueda hacer por ellos debe de hacerse antes de la deportaci\u00f3n. Lo que se les ofrece en nuestro pa\u00eds no les interesa, no conf\u00edan en los tribunales mexicanos y, en general, sienten una gran desconfianza en todo lo que tenga que ver con el gobierno mexicano, esa es la triste realidad.<br \/>Estoy convencido de que la pol\u00edtica migratoria implementada por Donald Trump est\u00e1 destinada al fracaso, pero tambi\u00e9n estoy convencido de que nada lo va a detener, especialmente en el tema de las deportaciones. Por ello, no queda m\u00e1s que volcar todos los recursos disponibles para la defensa legal de nuestros paisanos en Estados Unidos y exigir respeto de sus derechos humanos. Si fuera necesario incluso ante los organismos internacionales. Tampoco podemos olvidar que las deportaciones traen siempre aparejada una ruptura familiar que, al final del d\u00eda, es lo que resulta m\u00e1s doloroso. El dolor de los mexicanos que viven ilegalmente en Estados Unidos debe de ser tambi\u00e9n nuestro dolor. Hoy m\u00e1s que nunca necesitan de nuestra solidaridad, necesitan saber que no est\u00e1n solos. <\/p>\n","protected":false},"excerpt":{"rendered":"<p>La pol\u00edtica migratoria de Donald Trump es una pol\u00edtica de terror: redadas masivas, m\u00e1s y m\u00e1s deportaciones; es una pol\u00edtica que busca, y lo ha logrado, provocar miedo en los migrantes ilegales<\/p>\n","protected":false},"author":93,"featured_media":0,"comment_status":"open","ping_status":"open","sticky":false,"template":"","format":"standard","meta":{"footnotes":""},"categories":[42],"tags":[],"class_list":["post-37028","post","type-post","status-publish","format-standard","hentry","category-nuestrapalabra"],"_links":{"self":[{"href":"https:\/\/plazajuarez.mx\/historico\/wp-json\/wp\/v2\/posts\/37028","targetHints":{"allow":["GET"]}}],"collection":[{"href":"https:\/\/plazajuarez.mx\/historico\/wp-json\/wp\/v2\/posts"}],"about":[{"href":"https:\/\/plazajuarez.mx\/historico\/wp-json\/wp\/v2\/types\/post"}],"author":[{"embeddable":true,"href":"https:\/\/plazajuarez.mx\/historico\/wp-json\/wp\/v2\/users\/93"}],"replies":[{"embeddable":true,"href":"https:\/\/plazajuarez.mx\/historico\/wp-json\/wp\/v2\/comments?post=37028"}],"version-history":[{"count":0,"href":"https:\/\/plazajuarez.mx\/historico\/wp-json\/wp\/v2\/posts\/37028\/revisions"}],"wp:attachment":[{"href":"https:\/\/plazajuarez.mx\/historico\/wp-json\/wp\/v2\/media?parent=37028"}],"wp:term":[{"taxonomy":"category","embeddable":true,"href":"https:\/\/plazajuarez.mx\/historico\/wp-json\/wp\/v2\/categories?post=37028"},{"taxonomy":"post_tag","embeddable":true,"href":"https:\/\/plazajuarez.mx\/historico\/wp-json\/wp\/v2\/tags?post=37028"}],"curies":[{"name":"wp","href":"https:\/\/api.w.org\/{rel}","templated":true}]}}