{"id":36625,"date":"2017-02-16T13:08:16","date_gmt":"2017-02-16T13:08:16","guid":{"rendered":"http:\/\/plazajuarez.mx\/index\/index.php\/2017\/02\/16\/asegura-diputado-banos-gomez-que-consejo-consultivo-duplica-funciones\/"},"modified":"2017-02-16T13:08:16","modified_gmt":"2017-02-16T13:08:16","slug":"asegura-diputado-banos-gomez-que-consejo-consultivo-duplica-funciones","status":"publish","type":"post","link":"https:\/\/plazajuarez.mx\/historico\/asegura-diputado-banos-gomez-que-consejo-consultivo-duplica-funciones\/","title":{"rendered":"Asegura diputado Ba\u00f1os G\u00f3mez que Consejo Consultivo duplica funciones"},"content":{"rendered":"<p>\u201cNi es consejo, ni es consultivo y ni es ciudadano\u201d<br \/>Es refugio de pol\u00edticos<\/p>\n<p>  <!--more-->  <\/p>\n<p>El diputado Luis Enrique Ba\u00f1os G\u00f3mez, del Partido Acci\u00f3n Nacional (PAN), afirma que el Consejo Consultivo Ciudadano de Hidalgo duplica funciones con la Unidad de Planeaci\u00f3n y Prospectiva, lo anterior luego de que presentar\u00e1 en sesi\u00f3n del Congreso del Estado el exhorto al gobernador para que se elimine dicha \u00e1rea que considera refugio de pol\u00edticos.<br \/>Durante su participaci\u00f3n pidi\u00f3 se abrogue el decreto creado por el ex mandatario Miguel Osorio Chong el 14 de febrero del 2006, ya que consider\u00f3 que el Consejo no representa la opini\u00f3n real de la ciudadan\u00eda y considera un gasto innecesario al duplicar funciones.<br \/>Recalc\u00f3 que con el programa de austeridad del gobernador Omar Fayad Meneses implementado desde el arranque de su administraci\u00f3n se debe considerar la eliminaci\u00f3n, ya que requiere de una inversi\u00f3n de m\u00e1s de 13 millones 800 mil pesos que podr\u00edan re direccionarse a rubros educativos o de salud. \u201cNo tiene caso seguir sosteniendo una duplicidad de funciones, la sociedad civil no requiere de representaci\u00f3n\u201d apunt\u00f3.<br \/>Agreg\u00f3 que se deben impulsar mejores esquemas de participaci\u00f3n y de integraci\u00f3n en las finanzas p\u00fablicas, ya que el CCC no ha dado resultados que la ciudadan\u00eda requiere, \u201cquienes est\u00e1n al frente de este organismo han sido personas vinculadas al Partido Revolucionario Institucional\u2026 la misma sociedad ve este Consejo como una forma de refugio de pol\u00edticos\u201d.<br \/>Agreg\u00f3, finalmente, que no es Consejo porque no aporta, no es Consultivo porque no consulta y no es Ciudadano porque no son personas que est\u00e9n vinculadas a la ciudadan\u00eda y record\u00f3 que su propuesta va de la mano con los planes del mandatario estatal en temas de austeridad y eficientar el recurso.<br \/>Finalmente coment\u00f3 que espera el apoyo de los legisladores locales y dar continuidad a dicha propuesta.<\/p>\n","protected":false},"excerpt":{"rendered":"<p>\u201cNi es consejo, ni es consultivo y ni es ciudadano\u201dEs refugio de pol\u00edticos<\/p>\n","protected":false},"author":93,"featured_media":0,"comment_status":"open","ping_status":"open","sticky":false,"template":"","format":"standard","meta":{"footnotes":""},"categories":[59],"tags":[],"class_list":["post-36625","post","type-post","status-publish","format-standard","hentry","category-general"],"_links":{"self":[{"href":"https:\/\/plazajuarez.mx\/historico\/wp-json\/wp\/v2\/posts\/36625","targetHints":{"allow":["GET"]}}],"collection":[{"href":"https:\/\/plazajuarez.mx\/historico\/wp-json\/wp\/v2\/posts"}],"about":[{"href":"https:\/\/plazajuarez.mx\/historico\/wp-json\/wp\/v2\/types\/post"}],"author":[{"embeddable":true,"href":"https:\/\/plazajuarez.mx\/historico\/wp-json\/wp\/v2\/users\/93"}],"replies":[{"embeddable":true,"href":"https:\/\/plazajuarez.mx\/historico\/wp-json\/wp\/v2\/comments?post=36625"}],"version-history":[{"count":0,"href":"https:\/\/plazajuarez.mx\/historico\/wp-json\/wp\/v2\/posts\/36625\/revisions"}],"wp:attachment":[{"href":"https:\/\/plazajuarez.mx\/historico\/wp-json\/wp\/v2\/media?parent=36625"}],"wp:term":[{"taxonomy":"category","embeddable":true,"href":"https:\/\/plazajuarez.mx\/historico\/wp-json\/wp\/v2\/categories?post=36625"},{"taxonomy":"post_tag","embeddable":true,"href":"https:\/\/plazajuarez.mx\/historico\/wp-json\/wp\/v2\/tags?post=36625"}],"curies":[{"name":"wp","href":"https:\/\/api.w.org\/{rel}","templated":true}]}}