{"id":36620,"date":"2017-02-16T13:02:54","date_gmt":"2017-02-16T13:02:54","guid":{"rendered":"http:\/\/plazajuarez.mx\/index\/index.php\/2017\/02\/16\/transparencia-vamos-por-mas\/"},"modified":"2017-02-16T13:02:54","modified_gmt":"2017-02-16T13:02:54","slug":"transparencia-vamos-por-mas","status":"publish","type":"post","link":"https:\/\/plazajuarez.mx\/historico\/transparencia-vamos-por-mas\/","title":{"rendered":"Transparencia: vamos por m\u00e1s"},"content":{"rendered":"<p>Nuestro gran reto es provocar la apropiaci\u00f3n individual del acceso a la informaci\u00f3n y de protecci\u00f3n de datos personales<\/p>\n<p>  <!--more-->  <\/p>\n<p>Los a\u00f1os recientes han dado fe de la ubicuidad del cambio: se presenta en lo pol\u00edtico, lo econ\u00f3mico, lo tecnol\u00f3gico y lo cultural. En consecuencia, han surgido nuevas ansiedades sociales, que para ser tratadas demandan mayores resultados y certezas, en lo p\u00fablico y lo privado. De ah\u00ed que esto sea indispensable entre los temas de la agenda nacional.<br \/>En el Inai no solo hemos adoptado esas prioridades como parte de nuestra visi\u00f3n de trabajo en el a\u00f1o, sino que nos sentimos doblemente comprometidos a cumplirlas. Es as\u00ed puesto que ahora debemos, por funci\u00f3n, exigir transparencia a m\u00e1s de 8 mil sujetos obligados, y como instituci\u00f3n p\u00fablica, estamos compelidos a hacer esfuerzos proactivos, puntuales y de avanzada para rendir cuentas de nuestro propio desempe\u00f1o. Por supuesto, no creemos que exista, para el futuro cercano, otro camino a andar si se quiere recobrar la confianza y credibilidad ciudadana.<br \/>Un caso que ilustra esta b\u00fasqueda institucional para dar mayor certeza a la sociedad tiene que ver con el ya comentado ajuste presupuestario a ra\u00edz de la circunstancia econ\u00f3mica que atraviesa el pa\u00eds. Ahora, el deber institucional rebasa el tan s\u00f3lo decir que se va a hacer el ahorro; como exigen los tiempos, es menester reportarlo con claridad y demandar su buen uso. Por eso en el Inai se desarrolla ya una plataforma ex profeso para ello.<br \/>Las leyes son un instrumento indispensable para aportar esa anhelada certeza social. Por esa raz\u00f3n, celebramos que este enero se haya publicado la Ley General de Protecci\u00f3n de Datos Personales en Posesi\u00f3n de Sujetos Obligados, una normativa que expande el universo de aplicaci\u00f3n de los derechos ARCO ciudadanos, y que implicar\u00e1 para este Instituto realizar mayores esfuerzos de difusi\u00f3n de las labores del Centro de Atenci\u00f3n a la Sociedad como punto de contacto ciudadano y el supervisar la armonizaci\u00f3n de las leyes locales en la materia, proceso que deber\u00e1 cumplirse para finales de julio.<br \/>Tambi\u00e9n en lo normativo, este a\u00f1o confiamos en el buen oficio legislativo para que se publique la necesaria Ley General de Archivos, de la cual estaremos muy pendientes de sus t\u00e9rminos, con la idea de que dicho documento marque el camino para una mejor rendici\u00f3n de cuentas y una mayor transparencia a partir de la memoria archiv\u00edstica de la naci\u00f3n.<br \/>Bajo esta mirada ajustada al futuro, resultar\u00e1 indispensable este 2017 definir e integrar el Consejo consultivo de esta casa de la transparencia, el cual deber\u00e1 estar conformado por diversos perfiles para que, de manera panor\u00e1mica, se aporten ideas para el mejor funcionamiento del Instituto. El d\u00eda de ayer, por cierto, cerr\u00f3 el plazo para recibir propuestas de candidatos. De igual forma ser\u00e1 importante que se nombre a la persona encargada de la contralor\u00eda institucional. Asimismo, en mayo se deber\u00e1 tener acceso, dentro de la Plataforma Nacional de Transparencia, a millones de datos provenientes de todos los sujetos obligados publicados por primera vez en el Sistema de Portales de Obligaciones de Transparencia. Se trata de una radiograf\u00eda como nunca antes se ha tenido del servicio p\u00fablico, un tesoro de informaci\u00f3n dispuesto para la consulta y utilizaci\u00f3n ciudadana.<br \/>Todo este trabajo permitir\u00e1 que, sin descuidar a ese 54% de la poblaci\u00f3n que reconoce la existencia del Inai seg\u00fan cifras de la encuesta nacional de percepci\u00f3n aplicada por IPSOS en 2016, vayamos por esos ciudadanos que mencionaron en la ENAID del Inegi 2016 que no ejerc\u00edan su derecho de acceso por desconocimiento, desconfianza, o falta de tiempo, que vayamos por ese 17.7% de la poblaci\u00f3n que le interesar\u00eda realizar una solicitud pero no lo ha hecho.<br \/>Vamos, a final de cuentas, no \u00fanicamente por lograr un mejor acceso y uso de las herramientas existentes para ejercer los derechos que tutelamos. Nuestro gran reto es provocar la apropiaci\u00f3n individual del acceso a la informaci\u00f3n y de protecci\u00f3n de datos personales; es decir, hacer que estos derechos sean parte de las pr\u00e1cticas sociales cotidianas. Es un camino que lleva a mayores resultados y certezas para todos.<br \/>Twitter: @XimenaPuente<\/p>\n","protected":false},"excerpt":{"rendered":"<p>Nuestro gran reto es provocar la apropiaci\u00f3n individual del acceso a la informaci\u00f3n y de protecci\u00f3n de datos personales<\/p>\n","protected":false},"author":93,"featured_media":0,"comment_status":"open","ping_status":"open","sticky":false,"template":"","format":"standard","meta":{"footnotes":""},"categories":[42],"tags":[],"class_list":["post-36620","post","type-post","status-publish","format-standard","hentry","category-nuestrapalabra"],"_links":{"self":[{"href":"https:\/\/plazajuarez.mx\/historico\/wp-json\/wp\/v2\/posts\/36620","targetHints":{"allow":["GET"]}}],"collection":[{"href":"https:\/\/plazajuarez.mx\/historico\/wp-json\/wp\/v2\/posts"}],"about":[{"href":"https:\/\/plazajuarez.mx\/historico\/wp-json\/wp\/v2\/types\/post"}],"author":[{"embeddable":true,"href":"https:\/\/plazajuarez.mx\/historico\/wp-json\/wp\/v2\/users\/93"}],"replies":[{"embeddable":true,"href":"https:\/\/plazajuarez.mx\/historico\/wp-json\/wp\/v2\/comments?post=36620"}],"version-history":[{"count":0,"href":"https:\/\/plazajuarez.mx\/historico\/wp-json\/wp\/v2\/posts\/36620\/revisions"}],"wp:attachment":[{"href":"https:\/\/plazajuarez.mx\/historico\/wp-json\/wp\/v2\/media?parent=36620"}],"wp:term":[{"taxonomy":"category","embeddable":true,"href":"https:\/\/plazajuarez.mx\/historico\/wp-json\/wp\/v2\/categories?post=36620"},{"taxonomy":"post_tag","embeddable":true,"href":"https:\/\/plazajuarez.mx\/historico\/wp-json\/wp\/v2\/tags?post=36620"}],"curies":[{"name":"wp","href":"https:\/\/api.w.org\/{rel}","templated":true}]}}