{"id":36618,"date":"2017-02-16T12:59:04","date_gmt":"2017-02-16T12:59:04","guid":{"rendered":"http:\/\/plazajuarez.mx\/index\/index.php\/2017\/02\/16\/el-regreso-de-la-criminalizacion-de-los-migrantes\/"},"modified":"2017-02-16T12:59:04","modified_gmt":"2017-02-16T12:59:04","slug":"el-regreso-de-la-criminalizacion-de-los-migrantes","status":"publish","type":"post","link":"https:\/\/plazajuarez.mx\/historico\/el-regreso-de-la-criminalizacion-de-los-migrantes\/","title":{"rendered":"El regreso de la criminalizaci\u00f3n de los migrantes"},"content":{"rendered":"<p>Un \u201ccriminal extranjero\u201d puede ser tanto una persona que excedi\u00f3 el l\u00edmite de velocidad al manejar, como alguien que ha sido condenado por un homicidio<\/p>\n<p>  <!--more-->  <\/p>\n<p>Migraci\u00f3n indocumentada, deportaciones, redadas. Estas palabras tomaron un nuevo significado la semana pasada debido a la instrumentaci\u00f3n por parte de la Oficina de Detenci\u00f3n y Deportaci\u00f3n (ICE) de la Orden Ejecutiva Mejorar la seguridad p\u00fablica en el interior de los Estados Unidos, emitida el 25 de enero por el presidente Donald Trump. Las prioridades de deportaci\u00f3n, enfocadas a quienes pudieran constituir una amenaza a la seguridad nacional \u2014antes claramente delimitadas a faltas como uso de falsa documentaci\u00f3n o delitos mayores como v\u00ednculos con el terrorismo o con pandillas\u2014, han sido dr\u00e1sticamente ampliadas.<br \/>Las nuevas redadas durante las que aprehendieron a m\u00e1s de 680 personas la semana pasada en Los \u00c1ngeles, Chicago, Atlanta, San Antonio y Nueva York \u2014ciudades en estados que suman una poblaci\u00f3n de 5.6 millones de migrantes indocumentados\u2014 demuestran el incremento en la discrecionalidad con la que ahora cuentan los agentes migratorios. Los dos ejemplos m\u00e1s claros son los casos de Mar\u00eda Guadalupe Garc\u00eda, quien fue a renovar un permiso de permanencia de remoci\u00f3n y fue deportada, y el de Daniel Ram\u00edrez Medina, un so\u00f1ador de 23 a\u00f1os quien fue detenido, sin historial criminal alguno y beneficiario del programa de Acci\u00f3n Diferida (DACA). Ahora, el gobierno estadounidense fomenta el miedo en los migrantes y la discriminaci\u00f3n contra ellos, viven en constante incertidumbre.<br \/>Un \u201ccriminal extranjero\u201d puede ser tanto una persona que excedi\u00f3 el l\u00edmite de velocidad al manejar, como alguien que ha sido condenado por un homicidio. Al equiparar estos delitos, la administraci\u00f3n fomenta la idea perversa de que los inmigrantes son criminales, tal como lo hizo Trump al anunciar su campa\u00f1a, pese a que numerosos estudios demuestran que los inmigrantes son menos propensos a cometer un crimen que un ciudadano nacido en EU. El American Immigration Council afirma que altas tasas de inmigraci\u00f3n se asocian con menos cr\u00edmenes violentos y de propiedad. Entre 1990 y 2013, mientras la poblaci\u00f3n estadounidense de origen extranjero creci\u00f3 de 7.9 a 13.1% y el n\u00famero de inmigrantes indocumentados se triplic\u00f3, la tasa de crimen violento cay\u00f3 en 48% y la de cr\u00edmenes de propiedad, 41%.<br \/>Las redadas propagan el miedo entre la poblaci\u00f3n indocumentada. A\u00fan as\u00ed, estas medidas no son novedosas ni desconocidas: no debemos olvidar que la administraci\u00f3n Obama ha sido la que m\u00e1s deportaciones ha hecho en la historia: 3.5 millones de estos eventos en un periodo de ocho a\u00f1os. Por eso, M\u00e9xico debe seguir tomando acciones a favor de nuestra comunidad en el exterior.<br \/>Primero, continuar con campa\u00f1as de prevenci\u00f3n e informaci\u00f3n tanto a trav\u00e9s de la red consular como en M\u00e9xico para informar a nuestros connacionales y a sus familias. Segundo, en el \u00e1mbito de la documentaci\u00f3n est\u00e1 pendiente una reforma para emitir en los consulados en EU actas de nacimiento de hijos sin el padre presente. Adem\u00e1s, es preciso instrumentar la reforma al art\u00edculo 44 de la Ley del Servicio Exterior Mexicano, que permitir\u00e1 hacer frente a la situaci\u00f3n de la \u201cdoble invisibilidad\u201d y brindar mayor certidumbre a los mexicanos mediante la expedici\u00f3n de actas de nacimiento extempor\u00e1neas.<br \/>Tercero, en el \u00e1mbito de la educaci\u00f3n es necesario fomentar la ense\u00f1anza de los idiomas ingl\u00e9s y espa\u00f1ol, el \u00faltimo para los mexicanos que s\u00f3lo hablan lengua ind\u00edgena, y profundizar los programas de educaci\u00f3n financiera que ofrecen en los consulados. Cuarto, es necesario continuar con la campa\u00f1a de doble nacionalidad en EU para que los mexicanos puedan ejercer plenamente sus derechos, incluyendo sus derechos pol\u00edticos, como el de votar y ser votados, y as\u00ed llegar a espacios en los que, dentro de ella, puedan incidir verdaderamente en las decisiones de las comunidades en las que viven, nacen sus hijos y pagan impuestos, recibiendo a cambio, el miedo constante a una injusta deportaci\u00f3n.<\/p>\n","protected":false},"excerpt":{"rendered":"<p>Un \u201ccriminal extranjero\u201d puede ser tanto una persona que excedi\u00f3 el l\u00edmite de velocidad al manejar, como alguien que ha sido condenado por un homicidio<\/p>\n","protected":false},"author":93,"featured_media":0,"comment_status":"open","ping_status":"open","sticky":false,"template":"","format":"standard","meta":{"footnotes":""},"categories":[42],"tags":[],"class_list":["post-36618","post","type-post","status-publish","format-standard","hentry","category-nuestrapalabra"],"_links":{"self":[{"href":"https:\/\/plazajuarez.mx\/historico\/wp-json\/wp\/v2\/posts\/36618","targetHints":{"allow":["GET"]}}],"collection":[{"href":"https:\/\/plazajuarez.mx\/historico\/wp-json\/wp\/v2\/posts"}],"about":[{"href":"https:\/\/plazajuarez.mx\/historico\/wp-json\/wp\/v2\/types\/post"}],"author":[{"embeddable":true,"href":"https:\/\/plazajuarez.mx\/historico\/wp-json\/wp\/v2\/users\/93"}],"replies":[{"embeddable":true,"href":"https:\/\/plazajuarez.mx\/historico\/wp-json\/wp\/v2\/comments?post=36618"}],"version-history":[{"count":0,"href":"https:\/\/plazajuarez.mx\/historico\/wp-json\/wp\/v2\/posts\/36618\/revisions"}],"wp:attachment":[{"href":"https:\/\/plazajuarez.mx\/historico\/wp-json\/wp\/v2\/media?parent=36618"}],"wp:term":[{"taxonomy":"category","embeddable":true,"href":"https:\/\/plazajuarez.mx\/historico\/wp-json\/wp\/v2\/categories?post=36618"},{"taxonomy":"post_tag","embeddable":true,"href":"https:\/\/plazajuarez.mx\/historico\/wp-json\/wp\/v2\/tags?post=36618"}],"curies":[{"name":"wp","href":"https:\/\/api.w.org\/{rel}","templated":true}]}}