{"id":36546,"date":"2017-02-15T15:16:24","date_gmt":"2017-02-15T15:16:24","guid":{"rendered":"http:\/\/plazajuarez.mx\/index\/index.php\/2017\/02\/15\/un-muerto-y-un-herido-en-tres-accidentes\/"},"modified":"2017-02-15T15:16:24","modified_gmt":"2017-02-15T15:16:24","slug":"un-muerto-y-un-herido-en-tres-accidentes","status":"publish","type":"post","link":"https:\/\/plazajuarez.mx\/historico\/un-muerto-y-un-herido-en-tres-accidentes\/","title":{"rendered":"UN MUERTO Y UN HERIDO EN TRES ACCIDENTES"},"content":{"rendered":"<p>EN ZIMAPAN, TULA Y MIXQUIAHUALA<\/p>\n<p>  <!--more-->  <\/p>\n<p>\u00a0Saldo de un muerto, un herido grave y cuantiosos da\u00f1os materiales arrojaron tres accidentes que ocurrieron en Zimapan, Tula y Mixquiahuala.<br \/>En la carretera Estatal Zimapan-Remedios la madrugada de ayer a las 03:30 horas se inform\u00f3 de un siniestro que result\u00f3 mortal.<br \/>Se trat\u00f3 de un choque contra \u00e1rbol del auto Nissan Sentra gris, con placas HMY-37-71, cuyo conductor fue trasladado al Centro de Salud en la ambulancia 1214 de Protecci\u00f3n Civil donde desafortunadamente falleci\u00f3 y se encuentra en calidad de desconocido.<br \/>Tambi\u00e9n se registr\u00f3 un choque lateral en la carretera Tula-Refiner\u00eda, a la altura de la colonia El Llano Segunda Secci\u00f3n, donde una camioneta Dodge Dakota, color blanco, con l\u00e1minas HLZ-31-61, que manejaba Er\u00e9ndira \u00a1G\u201d \u201cH\u201d choc\u00f3 con una Motoneta Italika, color negro, sin placas, cuyo conductor Enrique \u201cT\u201d \u201cM\u201d de 34 a\u00f1os result\u00f3 lesionado y fue trasladado al Hospital de Pemex en ambulancia de Cruz Roja.<br \/>Finalmente en la carretera Mixquiahuala-Tlahuelilpan a la altura de la gasolinera de &#8220;Los hoyos&#8221; se suscit\u00f3 una volcadura, al lugar acudieron param\u00e9dicos de Protecci\u00f3n Civil para valorar al conductor que result\u00f3 ileso.<\/p>\n","protected":false},"excerpt":{"rendered":"<p>EN ZIMAPAN, TULA Y MIXQUIAHUALA<\/p>\n","protected":false},"author":93,"featured_media":0,"comment_status":"open","ping_status":"open","sticky":false,"template":"","format":"standard","meta":{"footnotes":""},"categories":[37],"tags":[],"class_list":["post-36546","post","type-post","status-publish","format-standard","hentry","category-barandilla"],"_links":{"self":[{"href":"https:\/\/plazajuarez.mx\/historico\/wp-json\/wp\/v2\/posts\/36546","targetHints":{"allow":["GET"]}}],"collection":[{"href":"https:\/\/plazajuarez.mx\/historico\/wp-json\/wp\/v2\/posts"}],"about":[{"href":"https:\/\/plazajuarez.mx\/historico\/wp-json\/wp\/v2\/types\/post"}],"author":[{"embeddable":true,"href":"https:\/\/plazajuarez.mx\/historico\/wp-json\/wp\/v2\/users\/93"}],"replies":[{"embeddable":true,"href":"https:\/\/plazajuarez.mx\/historico\/wp-json\/wp\/v2\/comments?post=36546"}],"version-history":[{"count":0,"href":"https:\/\/plazajuarez.mx\/historico\/wp-json\/wp\/v2\/posts\/36546\/revisions"}],"wp:attachment":[{"href":"https:\/\/plazajuarez.mx\/historico\/wp-json\/wp\/v2\/media?parent=36546"}],"wp:term":[{"taxonomy":"category","embeddable":true,"href":"https:\/\/plazajuarez.mx\/historico\/wp-json\/wp\/v2\/categories?post=36546"},{"taxonomy":"post_tag","embeddable":true,"href":"https:\/\/plazajuarez.mx\/historico\/wp-json\/wp\/v2\/tags?post=36546"}],"curies":[{"name":"wp","href":"https:\/\/api.w.org\/{rel}","templated":true}]}}