{"id":36545,"date":"2017-02-15T15:15:34","date_gmt":"2017-02-15T15:15:34","guid":{"rendered":"http:\/\/plazajuarez.mx\/index\/index.php\/2017\/02\/15\/policias-estatales-localizan-y-aseguran-una-toma-clandestina\/"},"modified":"2017-02-15T15:15:34","modified_gmt":"2017-02-15T15:15:34","slug":"policias-estatales-localizan-y-aseguran-una-toma-clandestina","status":"publish","type":"post","link":"https:\/\/plazajuarez.mx\/historico\/policias-estatales-localizan-y-aseguran-una-toma-clandestina\/","title":{"rendered":"POLIC\u00cdAS ESTATALES LOCALIZAN Y ASEGURAN UNA TOMA CLANDESTINA"},"content":{"rendered":"<p>EN UN CAMINO DE TEOCALCO<\/p>\n<p>  <!--more-->  <\/p>\n<p>Mediante los permanentes recorridos de seguridad y vigilancia que se realizan en la regi\u00f3n de Tula de Allende, la tarde del lunes anterior, efectivos de la Coordinaci\u00f3n de Seguridad Estatal localizaron y aseguraron una toma clandestina de combustible en el camino de Terracer\u00eda Teocalco-Santa Ana.<br \/>La informaci\u00f3n al respecto detalla que el ducto se encontr\u00f3 a la altura de compuerta n\u00famero 8 del municipio de Tula de Allende<br \/>Fue al filo de las 16:00 horas, cuando los oficiales adscritos a la delegaci\u00f3n Regional de Tula de Allende reportaron la localizaci\u00f3n de la toma clandestina de hidrocarburo, misma que fue descubierta con aproximadamente 20 metros de largo de Tuber\u00eda de acero, aunque tambi\u00e9n se corrobor\u00f3 que al momento no presentaba fuga de combustible y finalmente se report\u00f3 al personal de seguridad f\u00edsica de Pemex.<\/p>\n","protected":false},"excerpt":{"rendered":"<p>EN UN CAMINO DE TEOCALCO<\/p>\n","protected":false},"author":93,"featured_media":0,"comment_status":"open","ping_status":"open","sticky":false,"template":"","format":"standard","meta":{"footnotes":""},"categories":[37],"tags":[],"class_list":["post-36545","post","type-post","status-publish","format-standard","hentry","category-barandilla"],"_links":{"self":[{"href":"https:\/\/plazajuarez.mx\/historico\/wp-json\/wp\/v2\/posts\/36545","targetHints":{"allow":["GET"]}}],"collection":[{"href":"https:\/\/plazajuarez.mx\/historico\/wp-json\/wp\/v2\/posts"}],"about":[{"href":"https:\/\/plazajuarez.mx\/historico\/wp-json\/wp\/v2\/types\/post"}],"author":[{"embeddable":true,"href":"https:\/\/plazajuarez.mx\/historico\/wp-json\/wp\/v2\/users\/93"}],"replies":[{"embeddable":true,"href":"https:\/\/plazajuarez.mx\/historico\/wp-json\/wp\/v2\/comments?post=36545"}],"version-history":[{"count":0,"href":"https:\/\/plazajuarez.mx\/historico\/wp-json\/wp\/v2\/posts\/36545\/revisions"}],"wp:attachment":[{"href":"https:\/\/plazajuarez.mx\/historico\/wp-json\/wp\/v2\/media?parent=36545"}],"wp:term":[{"taxonomy":"category","embeddable":true,"href":"https:\/\/plazajuarez.mx\/historico\/wp-json\/wp\/v2\/categories?post=36545"},{"taxonomy":"post_tag","embeddable":true,"href":"https:\/\/plazajuarez.mx\/historico\/wp-json\/wp\/v2\/tags?post=36545"}],"curies":[{"name":"wp","href":"https:\/\/api.w.org\/{rel}","templated":true}]}}