{"id":36544,"date":"2017-02-15T15:15:03","date_gmt":"2017-02-15T15:15:03","guid":{"rendered":"http:\/\/plazajuarez.mx\/index\/index.php\/2017\/02\/15\/manejaba-en-su-vehiculo-pero-se-infarto-y-choco\/"},"modified":"2017-02-15T15:15:03","modified_gmt":"2017-02-15T15:15:03","slug":"manejaba-en-su-vehiculo-pero-se-infarto-y-choco","status":"publish","type":"post","link":"https:\/\/plazajuarez.mx\/historico\/manejaba-en-su-vehiculo-pero-se-infarto-y-choco\/","title":{"rendered":"MANEJABA EN SU VEH\u00cdCULO PERO SE INFART\u00d3 Y CHOC\u00d3"},"content":{"rendered":"<p>CON UN POSTE DE LUZ<\/p>\n<p>  <!--more-->  <\/p>\n<p>El percance se report\u00f3 al 911 de Emergencias y v\u00eda radio se alert\u00f3 a la Polic\u00eda Municipal de Pachuca y a la Coordinaci\u00f3n de Seguridad Estatal, por lo que al lugar acudieron elementos para tomar conocimiento del accidente<br \/>Infortunado deceso sufri\u00f3 ayer un masculino, luego de que iba al volante en su auto, pero se infart\u00f3 y choc\u00f3 contra un poste de luz en c\u00e9ntrica avenida de esta capital hidalguense.<br \/>El mortal percance se report\u00f3 al 911 de Emergencias y v\u00eda radio se alert\u00f3 a la Polic\u00eda Municipal de Pachuca y a la Coordinaci\u00f3n de Seguridad Estatal, por lo que al lugar acudieron elementos para tomar conocimiento del fat\u00eddico accidente. <br \/>La informaci\u00f3n detalla que el choque tuvo lugar en la avenida Ju\u00e1rez esquina con la calle 5 de Mayo de esta ciudad capital.<br \/>As\u00ed mismo en el accidente que tuvo lugar la ma\u00f1ana de ayer al filo de las 09:30 horas, se vio involucrado el veh\u00edculo Ford Ikon, color negro, con placas de circulaci\u00f3n HMN-37-10.<br \/>Los efectivos polic\u00edacos corroboraron que el auto se impact\u00f3 contra un poste de luz, falleciendo en el lugar su conductor de sexo masculino de nombre Ismael con iniciales \u201cR\u201d \u201cL\u201d, quien hasta antes de su deceso contaba con 75 a\u00f1os de edad.<br \/>Importante es mencionar que al lugar acudieron param\u00e9dicos de Protecci\u00f3n Civil a bordo de la ambulancia 0874 quienes valoraron al conductor, indicando que la persona falleci\u00f3 por probable infarto antes del impacto.<\/p>\n","protected":false},"excerpt":{"rendered":"<p>CON UN POSTE DE LUZ<\/p>\n","protected":false},"author":93,"featured_media":0,"comment_status":"open","ping_status":"open","sticky":false,"template":"","format":"standard","meta":{"footnotes":""},"categories":[37],"tags":[],"class_list":["post-36544","post","type-post","status-publish","format-standard","hentry","category-barandilla"],"_links":{"self":[{"href":"https:\/\/plazajuarez.mx\/historico\/wp-json\/wp\/v2\/posts\/36544","targetHints":{"allow":["GET"]}}],"collection":[{"href":"https:\/\/plazajuarez.mx\/historico\/wp-json\/wp\/v2\/posts"}],"about":[{"href":"https:\/\/plazajuarez.mx\/historico\/wp-json\/wp\/v2\/types\/post"}],"author":[{"embeddable":true,"href":"https:\/\/plazajuarez.mx\/historico\/wp-json\/wp\/v2\/users\/93"}],"replies":[{"embeddable":true,"href":"https:\/\/plazajuarez.mx\/historico\/wp-json\/wp\/v2\/comments?post=36544"}],"version-history":[{"count":0,"href":"https:\/\/plazajuarez.mx\/historico\/wp-json\/wp\/v2\/posts\/36544\/revisions"}],"wp:attachment":[{"href":"https:\/\/plazajuarez.mx\/historico\/wp-json\/wp\/v2\/media?parent=36544"}],"wp:term":[{"taxonomy":"category","embeddable":true,"href":"https:\/\/plazajuarez.mx\/historico\/wp-json\/wp\/v2\/categories?post=36544"},{"taxonomy":"post_tag","embeddable":true,"href":"https:\/\/plazajuarez.mx\/historico\/wp-json\/wp\/v2\/tags?post=36544"}],"curies":[{"name":"wp","href":"https:\/\/api.w.org\/{rel}","templated":true}]}}