{"id":36359,"date":"2017-02-12T15:02:03","date_gmt":"2017-02-12T15:02:03","guid":{"rendered":"http:\/\/plazajuarez.mx\/index\/index.php\/2017\/02\/12\/relatos-de-vida-9\/"},"modified":"2020-04-14T19:50:18","modified_gmt":"2020-04-14T19:50:18","slug":"relatos-de-vida-9","status":"publish","type":"post","link":"https:\/\/plazajuarez.mx\/historico\/relatos-de-vida-9\/","title":{"rendered":"RELATOS DE VIDA"},"content":{"rendered":"<p dir=\"ltr\" style=\"line-height: 1.295; margin-top: 0pt; margin-bottom: 8pt;\"><span style=\"font-size: 12pt; font-family: Calibri; color: #000000; background-color: transparent; font-weight: 400; font-style: normal; font-variant: normal; text-decoration: none; vertical-align: baseline;\">Ordinario<\/span><\/p>\n<p dir=\"ltr\" style=\"line-height: 1.295; margin-top: 0pt; margin-bottom: 8pt;\"><span style=\"font-size: 12pt; font-family: Calibri; color: #000000; background-color: transparent; font-weight: 400; font-style: normal; font-variant: normal; text-decoration: none; vertical-align: baseline;\">Termin\u00f3 la misa de cuerpo presente, en ese momento todos hac\u00edan una remembranza personal de las experiencias y vivencias con el que durante 87 a\u00f1os fue su padre, hermano, t\u00edo, primo, abuelo o bisabuelo.<\/span><\/p>\n<p>  <!--more-->  <\/p>\n<p dir=\"ltr\" style=\"line-height: 1.295; margin-top: 0pt; margin-bottom: 8pt;\"><span style=\"font-size: 12pt; font-family: Calibri; color: #000000; background-color: transparent; font-weight: 400; font-style: normal; font-variant: normal; text-decoration: none; vertical-align: baseline;\">Despu\u00e9s de persignarse, la mayor de las hijas se levant\u00f3 sigilosamente y dirigi\u00f3 sus pasos al p\u00falpito, tom\u00f3 el micr\u00f3fono y comenz\u00f3 su discurso diciendo -&#8220;era un hombre normal&#8221;&#8230;.<\/span><\/p>\n<p dir=\"ltr\" style=\"line-height: 1.295; margin-top: 0pt; margin-bottom: 8pt;\"><span style=\"font-size: 12pt; font-family: Calibri; color: #000000; background-color: transparent; font-weight: 400; font-style: normal; font-variant: normal; text-decoration: none; vertical-align: baseline;\">Han pasado dos a\u00f1os desde su partida, pero la memoria sigue viva, m\u00e1s para mi padre, no \u00fanicamente en lo que aprendi\u00f3 o vivi\u00f3 con \u00e9l, la herida est\u00e1 abierta en su cabeza por el conjunto de cuatro palabras, &#8220;era un hombre normal&#8221;&#8230;<\/span><\/p>\n<p dir=\"ltr\" style=\"line-height: 1.295; margin-top: 0pt; margin-bottom: 8pt;\"><span style=\"font-size: 12pt; font-family: Calibri; color: #000000; background-color: transparent; font-weight: 400; font-style: normal; font-variant: normal; text-decoration: none; vertical-align: baseline;\">De acuerdo con el Diccionario de la Real Academia de la Lengua Espa\u00f1ola, ordinario significa lo que es com\u00fan o habitual; es decir, lo que existe abundantemente parecido; lo que todos hacemos; lo com\u00fan a todos y el com\u00fan de todos.<\/span><\/p>\n<p dir=\"ltr\" style=\"line-height: 1.295; margin-top: 0pt; margin-bottom: 8pt;\"><span style=\"font-size: 12pt; font-family: Calibri; color: #000000; background-color: transparent; font-weight: 400; font-style: normal; font-variant: normal; text-decoration: none; vertical-align: baseline;\">Seg\u00fan los recuerdos de mi padre, los propios y los de mis hijos; no lo vi haciendo lo mismo que otra persona; aunque si se hace referencia al cuerpo, dorm\u00eda, despertaba, caminaba, hablaba, hac\u00eda pipi y popo, se ba\u00f1aba, sonre\u00eda, refunfu\u00f1aba, gritaba; sin embargo nunca hizo lo mismo que el vecino o que alg\u00fan familiar.<\/span><\/p>\n<p dir=\"ltr\" style=\"line-height: 1.295; margin-top: 0pt; margin-bottom: 8pt;\"><span style=\"font-size: 12pt; font-family: Calibri; color: #000000; background-color: transparent; font-weight: 400; font-style: normal; font-variant: normal; text-decoration: none; vertical-align: baseline;\">\u00c9l ten\u00eda su especial manera de hacer las cosas, con calma, con an\u00e1lisis, con certeza, con experiencia, con amor; es decir que sobrepasaba lo &#8220;normal&#8221;, porque su destreza y capacidad era diferente al de otra persona, entonces con base en la misma Real Academia de la Lengua extraordinario significa lo que sale de lo ordinario o normal.<\/span><\/p>\n<p dir=\"ltr\" style=\"line-height: 1.295; margin-top: 0pt; margin-bottom: 8pt;\"><span style=\"font-size: 12pt; font-family: Calibri; color: #000000; background-color: transparent; font-weight: 400; font-style: normal; font-variant: normal; text-decoration: none; vertical-align: baseline;\">Por citar un ejemplo, tal vez algunos padres de familia acostumbren a leer un cuento a sus hijos antes de dormir o durante el d\u00eda para calmar sus \u00e1nimos; podr\u00eda ser una actividad com\u00fan o normal; y tal vez as\u00ed, entrar\u00eda en la descripci\u00f3n de un hombre normal, pero si se toma en cuenta que emit\u00eda sonidos, se sal\u00eda de ritmo, sorprend\u00eda y en ocasiones calmaba con una voz serena que lograba dormir a sus bisnietos, trascendi\u00f3 las barreras de la normalidad.<\/span><\/p>\n<p><span style=\"font-size: 12pt; font-family: Calibri; color: #000000; background-color: transparent; font-weight: 400; font-style: normal; font-variant: normal; text-decoration: none; vertical-align: baseline;\">Dicen que los peque\u00f1os detalles marcan la diferencia; y el tata en todo momento, circunstancia y actividad imprimi\u00f3 un toque personal; al vestir, comer, hablar, amar\u2026 y por eso y muchas cosas, &#8220;no fue un hombre ordinario&#8221; para los que vivieron y estuvieron con \u00e9l ese hombre, fue &#8220;extraordinario&#8221;.<\/span><\/p>\n","protected":false},"excerpt":{"rendered":"<p>Ordinario Termin\u00f3 la misa de cuerpo presente, en ese momento todos hac\u00edan una remembranza personal de las experiencias y vivencias con el que durante 87 a\u00f1os fue su padre, hermano, t\u00edo, primo, abuelo o bisabuelo.<\/p>\n","protected":false},"author":73,"featured_media":0,"comment_status":"open","ping_status":"open","sticky":false,"template":"","format":"standard","meta":{"footnotes":""},"categories":[42,85],"tags":[67],"class_list":["post-36359","post","type-post","status-publish","format-standard","hentry","category-nuestrapalabra","category-relatos","tag-relatos"],"_links":{"self":[{"href":"https:\/\/plazajuarez.mx\/historico\/wp-json\/wp\/v2\/posts\/36359","targetHints":{"allow":["GET"]}}],"collection":[{"href":"https:\/\/plazajuarez.mx\/historico\/wp-json\/wp\/v2\/posts"}],"about":[{"href":"https:\/\/plazajuarez.mx\/historico\/wp-json\/wp\/v2\/types\/post"}],"author":[{"embeddable":true,"href":"https:\/\/plazajuarez.mx\/historico\/wp-json\/wp\/v2\/users\/73"}],"replies":[{"embeddable":true,"href":"https:\/\/plazajuarez.mx\/historico\/wp-json\/wp\/v2\/comments?post=36359"}],"version-history":[{"count":0,"href":"https:\/\/plazajuarez.mx\/historico\/wp-json\/wp\/v2\/posts\/36359\/revisions"}],"wp:attachment":[{"href":"https:\/\/plazajuarez.mx\/historico\/wp-json\/wp\/v2\/media?parent=36359"}],"wp:term":[{"taxonomy":"category","embeddable":true,"href":"https:\/\/plazajuarez.mx\/historico\/wp-json\/wp\/v2\/categories?post=36359"},{"taxonomy":"post_tag","embeddable":true,"href":"https:\/\/plazajuarez.mx\/historico\/wp-json\/wp\/v2\/tags?post=36359"}],"curies":[{"name":"wp","href":"https:\/\/api.w.org\/{rel}","templated":true}]}}