{"id":36356,"date":"2017-02-12T14:59:05","date_gmt":"2017-02-12T14:59:05","guid":{"rendered":"http:\/\/plazajuarez.mx\/index\/index.php\/2017\/02\/12\/clausura-de-rutas-de-atencion-a-la-salud-de-unidades-medicas-moviles\/"},"modified":"2017-02-12T14:59:05","modified_gmt":"2017-02-12T14:59:05","slug":"clausura-de-rutas-de-atencion-a-la-salud-de-unidades-medicas-moviles","status":"publish","type":"post","link":"https:\/\/plazajuarez.mx\/historico\/clausura-de-rutas-de-atencion-a-la-salud-de-unidades-medicas-moviles\/","title":{"rendered":"Clausura de Rutas de Atenci\u00f3n a la  Salud de Unidades M\u00e9dicas M\u00f3viles"},"content":{"rendered":"<p dir=\"ltr\" style=\"line-height: 1.2; margin-top: 0pt; margin-bottom: 10pt; text-align: justify;\"><span style=\"font-size: 12pt; font-family: 'Arial Narrow'; color: #000000; background-color: transparent; font-weight: 400; font-style: normal; font-variant: normal; text-decoration: none; vertical-align: baseline;\">La Directora General de la Comisi\u00f3n Nacional para el Desarrollo de los Pueblos Ind\u00edgenas, Nuvia Mayorga Delgado, junto con la Titular de la Unidad, Programa IMSS-Prospera, la Doctora Frine\u00e9 Azuara Yarz\u00e1bal, llev\u00f3 a cabo la clausura de las Rutas de Atenci\u00f3n a la Salud de las Unidades M\u00e9dicas M\u00f3viles en el Municipio de Atlacomulco, Estado de M\u00e9xico.<\/span><\/p>\n<p>  <!--more-->  <\/p>\n<p dir=\"ltr\" style=\"line-height: 1.2; margin-top: 0pt; margin-bottom: 10pt; text-align: justify;\"><span style=\"font-size: 12pt; font-family: 'Arial Narrow'; color: #000000; background-color: transparent; font-weight: 400; font-style: normal; font-variant: normal; text-decoration: none; vertical-align: baseline;\">En su mensaje, Mayorga Delgado, afirm\u00f3 que: \u201cEl trabajo de las Unidades M\u00e9dicas M\u00f3viles forma parte de las pol\u00edticas p\u00fablicas del Gobierno Federal, y el Presidente Enrique Pe\u00f1a Nieto nos ha pedido recorrer las comunidades para llevar los servicios de salud a la poblaci\u00f3n ind\u00edgena. La respuesta que hemos obtenido por parte de los habitantes ha sido muy positiva, \u00a0pues al tener estos servicios \u00a0han disminuido algunos padecimientos y ha mejorado la cultura de la prevenci\u00f3n en sus familias\u201d.<\/span><\/p>\n<p dir=\"ltr\" style=\"line-height: 1.2; margin-top: 0pt; margin-bottom: 10pt; text-align: justify;\"><span style=\"font-size: 12pt; font-family: 'Arial Narrow'; color: #000000; background-color: transparent; font-weight: 400; font-style: normal; font-variant: normal; text-decoration: none; vertical-align: baseline;\">Nuvia Mayorga subray\u00f3 que la coordinaci\u00f3n existente y la unidad entre las autoridades y la poblaci\u00f3n, es lo que permite alcanzar resultados positivos en favor de \u00a0las comunidades ind\u00edgenas.<\/span><\/p>\n<p dir=\"ltr\" style=\"line-height: 1.2; margin-top: 0pt; margin-bottom: 10pt; text-align: justify;\"><span style=\"font-size: 12pt; font-family: 'Arial Narrow'; color: #000000; background-color: transparent; font-weight: 400; font-style: normal; font-variant: normal; text-decoration: none; vertical-align: baseline;\">La titular de la CDI inform\u00f3 que las consultas y los medicamentos son gratuitos, y refiri\u00f3 que gestionar\u00e1 que \u00a0estas unidades que acudieron \u00a0a las \u00a0comunidades, regresen para dar seguimiento a los pacientes diagnosticados y atender a pacientes nuevos.<\/span><\/p>\n<p dir=\"ltr\" style=\"line-height: 1.2; margin-top: 0pt; margin-bottom: 10pt; text-align: justify;\"><span style=\"font-size: 12pt; font-family: 'Arial Narrow'; color: #000000; background-color: transparent; font-weight: 400; font-style: normal; font-variant: normal; text-decoration: none; vertical-align: baseline;\">Las Unidades M\u00e9dicas M\u00f3viles son resultado de la inversi\u00f3n de la CDI y de IMSS-Prospera; cuentan con servicios de medicina general, vacunaci\u00f3n, control prenatal, atenci\u00f3n de embarazadas de alto riesgo, atenci\u00f3n primaria de urgencias, acciones preventivas para la detecci\u00f3n de enfermedades durante la l\u00ednea de vida, atenci\u00f3n integral a adolescentes y adultos mayores, asimismo, ofrecen sesiones de educaci\u00f3n para la salud y entrega del suplemento alimenticio para mujeres embarazadas en periodo de lactancia y ni\u00f1os de 6 a 59 meses. <\/span><\/p>\n","protected":false},"excerpt":{"rendered":"<p>La Directora General de la Comisi\u00f3n Nacional para el Desarrollo de los Pueblos Ind\u00edgenas, Nuvia Mayorga Delgado, junto con la Titular de la Unidad, Programa IMSS-Prospera, la Doctora Frine\u00e9 Azuara Yarz\u00e1bal, llev\u00f3 a cabo la clausura de las Rutas de Atenci\u00f3n a la Salud de las Unidades M\u00e9dicas M\u00f3viles en el Municipio de Atlacomulco, Estado [&hellip;]<\/p>\n","protected":false},"author":3,"featured_media":0,"comment_status":"open","ping_status":"open","sticky":false,"template":"","format":"standard","meta":{"footnotes":""},"categories":[59],"tags":[],"class_list":["post-36356","post","type-post","status-publish","format-standard","hentry","category-general"],"_links":{"self":[{"href":"https:\/\/plazajuarez.mx\/historico\/wp-json\/wp\/v2\/posts\/36356","targetHints":{"allow":["GET"]}}],"collection":[{"href":"https:\/\/plazajuarez.mx\/historico\/wp-json\/wp\/v2\/posts"}],"about":[{"href":"https:\/\/plazajuarez.mx\/historico\/wp-json\/wp\/v2\/types\/post"}],"author":[{"embeddable":true,"href":"https:\/\/plazajuarez.mx\/historico\/wp-json\/wp\/v2\/users\/3"}],"replies":[{"embeddable":true,"href":"https:\/\/plazajuarez.mx\/historico\/wp-json\/wp\/v2\/comments?post=36356"}],"version-history":[{"count":0,"href":"https:\/\/plazajuarez.mx\/historico\/wp-json\/wp\/v2\/posts\/36356\/revisions"}],"wp:attachment":[{"href":"https:\/\/plazajuarez.mx\/historico\/wp-json\/wp\/v2\/media?parent=36356"}],"wp:term":[{"taxonomy":"category","embeddable":true,"href":"https:\/\/plazajuarez.mx\/historico\/wp-json\/wp\/v2\/categories?post=36356"},{"taxonomy":"post_tag","embeddable":true,"href":"https:\/\/plazajuarez.mx\/historico\/wp-json\/wp\/v2\/tags?post=36356"}],"curies":[{"name":"wp","href":"https:\/\/api.w.org\/{rel}","templated":true}]}}