{"id":36355,"date":"2017-02-12T14:58:06","date_gmt":"2017-02-12T14:58:06","guid":{"rendered":"http:\/\/plazajuarez.mx\/index\/index.php\/2017\/02\/12\/artesanos-hidalguenses-en-dos-ferias-nacionales\/"},"modified":"2017-02-12T14:58:06","modified_gmt":"2017-02-12T14:58:06","slug":"artesanos-hidalguenses-en-dos-ferias-nacionales","status":"publish","type":"post","link":"https:\/\/plazajuarez.mx\/historico\/artesanos-hidalguenses-en-dos-ferias-nacionales\/","title":{"rendered":"Artesanos hidalguenses  en dos ferias nacionales"},"content":{"rendered":"<p dir=\"ltr\" style=\"line-height: 1.3800000000000001; margin-top: 0pt; margin-bottom: 10pt; text-align: justify;\"><span style=\"font-size: 11pt; font-family: Arial; color: #000000; background-color: transparent; font-weight: 400; font-style: normal; font-variant: normal; text-decoration: none; vertical-align: baseline;\">El secretario de Desarrollo Social, Daniel Rolando Jim\u00e9nez Rojo se reuni\u00f3 con artesanas y artesanos hidalguenses que tendr\u00e1n la oportunidad \u00a0de representar a nuestra entidad con la promoci\u00f3n y venta de sus productos en \u201cEl Festival Gastron\u00f3mico Ixtapan de la Sal 2017\u201d.<\/span><\/p>\n<p>  <!--more-->  <\/p>\n<p dir=\"ltr\" style=\"line-height: 1.3800000000000001; margin-top: 0pt; margin-bottom: 10pt; text-align: justify;\"><span style=\"font-size: 11pt; font-family: Arial; color: #000000; background-color: transparent; font-weight: 400; font-style: normal; font-variant: normal; text-decoration: none; vertical-align: baseline;\">El funcionario platic\u00f3 con las y los expositores de los municipios de Tenango de Doria, Tecozautla, Chapantongo y Alfajayucan, a quienes les augur\u00f3 el mejor de los \u00e9xitos, pues destac\u00f3 que lo hecho en Hidalgo es de alta calidad y gustar\u00e1 en los importantes eventos en los que participar\u00e1n.<\/span><\/p>\n<p dir=\"ltr\" style=\"line-height: 1.3800000000000001; margin-top: 0pt; margin-bottom: 10pt; text-align: justify;\"><span style=\"font-size: 11pt; font-family: Arial; color: #000000; background-color: transparent; font-weight: 400; font-style: normal; font-variant: normal; text-decoration: none; vertical-align: baseline;\">En su mensaje coment\u00f3 que los artesanos son un orgullo para el estado de Hidalgo, pues adem\u00e1s de que esta actividad representa un ingreso para sus familias, tambi\u00e9n reproducen y propagan la cultura de Hidalgo con la belleza de cada una de sus piezas.<\/span><\/p>\n<p dir=\"ltr\" style=\"line-height: 1.3800000000000001; margin-top: 0pt; margin-bottom: 10pt; text-align: justify;\"><span style=\"font-size: 11pt; font-family: Arial; color: #000000; background-color: transparent; font-weight: 400; font-style: normal; font-variant: normal; text-decoration: none; vertical-align: baseline;\">Jim\u00e9nez Rojo apunt\u00f3 que, para la administraci\u00f3n del gobernador Omar Fayad Meneses la atenci\u00f3n a este importante sector artesanal es de gran importancia, es por ello que estas personas reciben especial orientaci\u00f3n, apoyo y gesti\u00f3n de espacios para que puedan ofrecer sus productos, tal como sucede con los stands en los que artesanas y artesanos expondr\u00e1n obras de alfarer\u00eda libre de plomo, fibras vegetales y textiles.<\/span><\/p>\n<p dir=\"ltr\" style=\"line-height: 1.3800000000000001; margin-top: 0pt; margin-bottom: 10pt; text-align: justify;\"><span style=\"font-size: 11pt; font-family: Arial; color: #000000; background-color: transparent; font-weight: 400; font-style: normal; font-variant: normal; text-decoration: none; vertical-align: baseline;\">Por su parte, la subsecretaria de Desarrollo Social y Humano, Alma Lidia de la Vega S\u00e1nchez, subray\u00f3 que son dos grupos de artesanos los que acuden a estos eventos, el primero ya se encuentra en Isla Mujeres en el estado de Quintana Roo participando en \u201dLa Feria II Pabell\u00f3n Nacional Artesanal Isla Mujeres 2017\u201d, mientras que este otro grupo viajar\u00e1 \u00a0al \u201cFestival Gastron\u00f3mico Ixtapan de la Sal 2017\u201d que se realizar\u00e1 del 16 al 20 de febrero.<\/span><\/p>\n<p dir=\"ltr\" style=\"line-height: 1.3800000000000001; margin-top: 0pt; margin-bottom: 10pt; text-align: justify;\"><span style=\"font-size: 11pt; font-family: Arial; color: #000000; background-color: transparent; font-weight: 400; font-style: normal; font-variant: normal; text-decoration: none; vertical-align: baseline;\">Resalt\u00f3 que a trav\u00e9s de la Direcci\u00f3n General de Fomento Artesanal, en coordinaci\u00f3n con el Fondo Nacional para el Fomento de las Artesan\u00edas (Fonart) se \u00a0logra que alrededor de \u00a0200 productores hidalguenses puedan comerciar sus productos en m\u00e1s de 40 ferias al a\u00f1o.<\/span><\/p>\n","protected":false},"excerpt":{"rendered":"<p>El secretario de Desarrollo Social, Daniel Rolando Jim\u00e9nez Rojo se reuni\u00f3 con artesanas y artesanos hidalguenses que tendr\u00e1n la oportunidad \u00a0de representar a nuestra entidad con la promoci\u00f3n y venta de sus productos en \u201cEl Festival Gastron\u00f3mico Ixtapan de la Sal 2017\u201d.<\/p>\n","protected":false},"author":3,"featured_media":0,"comment_status":"open","ping_status":"open","sticky":false,"template":"","format":"standard","meta":{"footnotes":""},"categories":[59],"tags":[],"class_list":["post-36355","post","type-post","status-publish","format-standard","hentry","category-general"],"_links":{"self":[{"href":"https:\/\/plazajuarez.mx\/historico\/wp-json\/wp\/v2\/posts\/36355","targetHints":{"allow":["GET"]}}],"collection":[{"href":"https:\/\/plazajuarez.mx\/historico\/wp-json\/wp\/v2\/posts"}],"about":[{"href":"https:\/\/plazajuarez.mx\/historico\/wp-json\/wp\/v2\/types\/post"}],"author":[{"embeddable":true,"href":"https:\/\/plazajuarez.mx\/historico\/wp-json\/wp\/v2\/users\/3"}],"replies":[{"embeddable":true,"href":"https:\/\/plazajuarez.mx\/historico\/wp-json\/wp\/v2\/comments?post=36355"}],"version-history":[{"count":0,"href":"https:\/\/plazajuarez.mx\/historico\/wp-json\/wp\/v2\/posts\/36355\/revisions"}],"wp:attachment":[{"href":"https:\/\/plazajuarez.mx\/historico\/wp-json\/wp\/v2\/media?parent=36355"}],"wp:term":[{"taxonomy":"category","embeddable":true,"href":"https:\/\/plazajuarez.mx\/historico\/wp-json\/wp\/v2\/categories?post=36355"},{"taxonomy":"post_tag","embeddable":true,"href":"https:\/\/plazajuarez.mx\/historico\/wp-json\/wp\/v2\/tags?post=36355"}],"curies":[{"name":"wp","href":"https:\/\/api.w.org\/{rel}","templated":true}]}}