{"id":36354,"date":"2017-02-12T14:56:42","date_gmt":"2017-02-12T14:56:42","guid":{"rendered":"http:\/\/plazajuarez.mx\/index\/index.php\/2017\/02\/12\/en-puerta-el-quinto-parlamento-infantil\/"},"modified":"2017-02-12T14:56:42","modified_gmt":"2017-02-12T14:56:42","slug":"en-puerta-el-quinto-parlamento-infantil","status":"publish","type":"post","link":"https:\/\/plazajuarez.mx\/historico\/en-puerta-el-quinto-parlamento-infantil\/","title":{"rendered":"En puerta el Quinto Parlamento Infantil"},"content":{"rendered":"<p dir=\"ltr\" style=\"line-height: 1.2; margin-top: 0pt; margin-bottom: 0pt; text-align: justify;\"><span style=\"font-size: 12pt; font-family: 'Times New Roman'; color: #000000; background-color: transparent; font-weight: 400; font-style: normal; font-variant: normal; text-decoration: none; vertical-align: baseline;\">El pr\u00f3ximo 20 de marzo, iniciar\u00e1 la primer etapa de selecci\u00f3n de ni\u00f1os y ni\u00f1as que conformar\u00e1n el Quinto Parlamento Infantil, que se realizar\u00e1 del 29 al 31 de mayo, por lo que integrantes de la Comisi\u00f3n Permanente de la Ni\u00f1ez, la Juventud, el Deporte y la Familia de la 63 legislatura en Hidalgo, dieron a conocer los pormenores para la realizaci\u00f3n de dicho ejercicio.<\/span><\/p>\n<p>  <!--more-->  <\/p>\n<p>\u00a0<\/p>\n<p dir=\"ltr\" style=\"line-height: 1.2; margin-top: 0pt; margin-bottom: 0pt; text-align: justify;\"><span style=\"font-size: 12pt; font-family: 'Times New Roman'; color: #000000; background-color: transparent; font-weight: 400; font-style: normal; font-variant: normal; text-decoration: none; vertical-align: baseline;\">Por lo anterior, la diputada local de la fracci\u00f3n del Partido Acci\u00f3n Nacional (PAN) y presidenta de la comisi\u00f3n, Mariana Bautista de Jes\u00fas, explic\u00f3 que podr\u00e1n participar las y los ni\u00f1os menores de 12 a\u00f1os de edad que est\u00e9n inscritos en el quinto grado de educaci\u00f3n primaria, tanto de escuelas p\u00fablicas como de privadas, incluida la educaci\u00f3n ind\u00edgena, de todo el estado de Hidalgo. <\/span><\/p>\n<p>\u00a0<\/p>\n<p dir=\"ltr\" style=\"line-height: 1.2; margin-top: 0pt; margin-bottom: 0pt; text-align: justify;\"><span style=\"font-size: 12pt; font-family: 'Times New Roman'; color: #000000; background-color: transparent; font-weight: 400; font-style: normal; font-variant: normal; text-decoration: none; vertical-align: baseline;\">\u201cEl objetivo es que los infantes seleccionados participen en una sesi\u00f3n especial donde a partir de sus ideas, inquietudes y propuestas abonen a la creaci\u00f3n de pol\u00edticas p\u00fablicas con sentido de beneficio social; pero sobre todo en favor de este sector, es importante escuchar a los ni\u00f1os y ni\u00f1as hidalguenses, es importante conocer sus problem\u00e1ticas y buscar la forma de que sean atendidas\u201d, explic\u00f3.<\/span><\/p>\n<p>\u00a0<\/p>\n<p dir=\"ltr\" style=\"line-height: 1.2; margin-top: 0pt; margin-bottom: 0pt; text-align: justify;\"><span style=\"font-size: 12pt; font-family: 'Times New Roman'; color: #000000; background-color: transparent; font-weight: 400; font-style: normal; font-variant: normal; text-decoration: none; vertical-align: baseline;\">Por lo anterior apunt\u00f3 que de acuerdo a la convocatoria el director de la escuela deber\u00e1 realizar la inscripci\u00f3n en la p\u00e1gina web\u00a0www.ieehidalgo.gob.mx\u00a0del 15 al 20 de marzo \u00a0para dar paso al proceso de selecci\u00f3n que deber\u00e1 concluir antes del lunes 15 de mayo, inscripci\u00f3n que deber\u00e1 ir a acompa\u00f1ada de una exposici\u00f3n oral con duraci\u00f3n de entre \u00a0tres y cinco minutos.<\/span><\/p>\n<p>\u00a0<\/p>\n<p dir=\"ltr\" style=\"line-height: 1.2; margin-top: 0pt; margin-bottom: 0pt; text-align: justify;\"><span style=\"font-size: 12pt; font-family: 'Times New Roman'; color: #000000; background-color: transparent; font-weight: 400; font-style: normal; font-variant: normal; text-decoration: none; vertical-align: baseline;\">Los temas a desarrollar en la exposici\u00f3n son: derechos de ni\u00f1as, ni\u00f1os y adolescentes, cuidado del medio ambiente, igualdad de g\u00e9nero, cultura de la legalidad, prevenci\u00f3n del maltrato infantil, abuso y castigo corporal y el tema de acceso a redes sociales en el marco de los valores.<\/span><\/p>\n<p>\u00a0<\/p>\n<p dir=\"ltr\" style=\"line-height: 1.2; margin-top: 0pt; margin-bottom: 0pt; text-align: justify;\"><span style=\"font-size: 12pt; font-family: 'Times New Roman'; color: #000000; background-color: transparent; font-weight: 400; font-style: normal; font-variant: normal; text-decoration: none; vertical-align: baseline;\">\u201cDespu\u00e9s \u00a0se realizar\u00e1n las convenciones distritales, que ser\u00e1n realizadas exactamente, del 17 al 24 de mayo, donde resultar\u00e1n electos las y los legisladores infantiles que representar\u00e1n a su distrito electoral\u201d, dijo. Cabe destacar que seis distritos tendr\u00e1n un representante, mientras que los 12 restantes tendr\u00e1n dos parlamentarios infantiles.<\/span><\/p>\n","protected":false},"excerpt":{"rendered":"<p>El pr\u00f3ximo 20 de marzo, iniciar\u00e1 la primer etapa de selecci\u00f3n de ni\u00f1os y ni\u00f1as que conformar\u00e1n el Quinto Parlamento Infantil, que se realizar\u00e1 del 29 al 31 de mayo, por lo que integrantes de la Comisi\u00f3n Permanente de la Ni\u00f1ez, la Juventud, el Deporte y la Familia de la 63 legislatura en Hidalgo, dieron [&hellip;]<\/p>\n","protected":false},"author":3,"featured_media":0,"comment_status":"open","ping_status":"open","sticky":false,"template":"","format":"standard","meta":{"footnotes":""},"categories":[59],"tags":[],"class_list":["post-36354","post","type-post","status-publish","format-standard","hentry","category-general"],"_links":{"self":[{"href":"https:\/\/plazajuarez.mx\/historico\/wp-json\/wp\/v2\/posts\/36354","targetHints":{"allow":["GET"]}}],"collection":[{"href":"https:\/\/plazajuarez.mx\/historico\/wp-json\/wp\/v2\/posts"}],"about":[{"href":"https:\/\/plazajuarez.mx\/historico\/wp-json\/wp\/v2\/types\/post"}],"author":[{"embeddable":true,"href":"https:\/\/plazajuarez.mx\/historico\/wp-json\/wp\/v2\/users\/3"}],"replies":[{"embeddable":true,"href":"https:\/\/plazajuarez.mx\/historico\/wp-json\/wp\/v2\/comments?post=36354"}],"version-history":[{"count":0,"href":"https:\/\/plazajuarez.mx\/historico\/wp-json\/wp\/v2\/posts\/36354\/revisions"}],"wp:attachment":[{"href":"https:\/\/plazajuarez.mx\/historico\/wp-json\/wp\/v2\/media?parent=36354"}],"wp:term":[{"taxonomy":"category","embeddable":true,"href":"https:\/\/plazajuarez.mx\/historico\/wp-json\/wp\/v2\/categories?post=36354"},{"taxonomy":"post_tag","embeddable":true,"href":"https:\/\/plazajuarez.mx\/historico\/wp-json\/wp\/v2\/tags?post=36354"}],"curies":[{"name":"wp","href":"https:\/\/api.w.org\/{rel}","templated":true}]}}