{"id":36352,"date":"2017-02-12T14:55:29","date_gmt":"2017-02-12T14:55:29","guid":{"rendered":"http:\/\/plazajuarez.mx\/index\/index.php\/2017\/02\/12\/estamos-rebasados-material-y-presupuestalmente-eguiluz-tapia\/"},"modified":"2017-02-12T14:55:29","modified_gmt":"2017-02-12T14:55:29","slug":"estamos-rebasados-material-y-presupuestalmente-eguiluz-tapia","status":"publish","type":"post","link":"https:\/\/plazajuarez.mx\/historico\/estamos-rebasados-material-y-presupuestalmente-eguiluz-tapia\/","title":{"rendered":"\u201cEstamos rebasados material y presupuestalmente\u201d: Eguiluz Tapia"},"content":{"rendered":"<p dir=\"ltr\" style=\"line-height: 1.2; margin-top: 0pt; margin-bottom: 0pt;\"><span style=\"font-size: 11pt; font-family: Calibri; color: #000000; background-color: transparent; font-weight: 400; font-style: normal; font-variant: normal; text-decoration: none; vertical-align: baseline;\">&#8220;Reforma laboral, estoy a favor \u00a0de la reforma, era necesaria, estamos rebasados material y presupuestalmente con la carga laboral y esto va a venir a descongestionar los procedimientos y lo m\u00e1s importante, que los vamos a hacer mucho m\u00e1s \u00e1giles y la impartici\u00f3n de justicia ser\u00e1 pronta y expedita como lo marca la ley&#8221;, asever\u00f3 Mar\u00eda de los \u00c1ngeles Eguiluz Tapia, respecto a la reforma laboral.<\/span><\/p>\n<p>  <!--more-->  <\/p>\n<p>\u00a0<\/p>\n<p dir=\"ltr\" style=\"line-height: 1.2; margin-top: 0pt; margin-bottom: 0pt;\"><span style=\"font-size: 11pt; font-family: Calibri; color: #000000; background-color: transparent; font-weight: 400; font-style: normal; font-variant: normal; text-decoration: none; vertical-align: baseline;\">Manifest\u00f3 que con luz verde de 17 congresos estatales, la reforma laboral ha sido aprobada, que consiste en crear los centros de conciliaci\u00f3n como una etapa prejudicial obligatoria, las juntas locales \u00a0van a salir del poder ejecutivo y pasan al judicial, dijo.<\/span><\/p>\n<p>\u00a0<\/p>\n<p dir=\"ltr\" style=\"line-height: 1.2; margin-top: 0pt; margin-bottom: 0pt;\"><span style=\"font-size: 11pt; font-family: Calibri; color: #000000; background-color: transparent; font-weight: 400; font-style: normal; font-variant: normal; text-decoration: none; vertical-align: baseline;\">En tanto puntualiz\u00f3 que las juntas colectivas se centralizan en el \u00f3rgano desconcentrado de la administraci\u00f3n p\u00fablica federal en M\u00e9xico, para atender temas de sindicatos y contratos colectivos de trabajo.<\/span><\/p>\n<p dir=\"ltr\" style=\"line-height: 1.2; margin-top: 0pt; margin-bottom: 0pt;\">\u00a0<\/p>\n<p dir=\"ltr\" style=\"line-height: 1.2; margin-top: 0pt; margin-bottom: 0pt;\"><span style=\"font-size: 11pt; font-family: Calibri; color: #000000; background-color: transparent; font-weight: 400; font-style: normal; font-variant: normal; text-decoration: none; vertical-align: baseline;\">Eguiluz Tapia ejemplific\u00f3 que con la aplicaci\u00f3n de la reforma la etapa conciliatoria ser\u00e1 obligatoria, es decir, &#8220;si una persona fue despedida o cree que sus derechos laborales fueron violentados tiene que presentar la demanda a los centros de justicia, que son los centros de conciliaci\u00f3n que se van a quedar en el estado y nosotros tenemos la obligaci\u00f3n de se\u00f1alar una audiencia conciliatoria obligatoria para que vengan las partes y podamos dirimir la controversia en un di\u00e1logo, si no hay arreglo se va a pasar al poder judicial&#8221;, comunic\u00f3.<\/span><\/p>\n<p>\u00a0<\/p>\n<p dir=\"ltr\" style=\"line-height: 1.2; margin-top: 0pt; margin-bottom: 0pt;\"><span style=\"font-size: 11pt; font-family: Calibri; color: #000000; background-color: transparent; font-weight: 400; font-style: normal; font-variant: normal; text-decoration: none; vertical-align: baseline;\">Finalmente, adelant\u00f3 que a finales del presente mes, en la entidad ser\u00e1n desarrollados foros de justicia laboral, con el prop\u00f3sito de informar las caracter\u00edsticas de la reforma, mismo que ser\u00e1 dirigido por Jorge Zorrilla Rodr\u00edguez, presidente de la Junta Federal de Conciliaci\u00f3n y Arbitraje.<\/span><\/p>\n<p>\u00a0<\/p>\n","protected":false},"excerpt":{"rendered":"<p>&#8220;Reforma laboral, estoy a favor \u00a0de la reforma, era necesaria, estamos rebasados material y presupuestalmente con la carga laboral y esto va a venir a descongestionar los procedimientos y lo m\u00e1s importante, que los vamos a hacer mucho m\u00e1s \u00e1giles y la impartici\u00f3n de justicia ser\u00e1 pronta y expedita como lo marca la ley&#8221;, asever\u00f3 [&hellip;]<\/p>\n","protected":false},"author":3,"featured_media":0,"comment_status":"open","ping_status":"open","sticky":false,"template":"","format":"standard","meta":{"footnotes":""},"categories":[59],"tags":[],"class_list":["post-36352","post","type-post","status-publish","format-standard","hentry","category-general"],"_links":{"self":[{"href":"https:\/\/plazajuarez.mx\/historico\/wp-json\/wp\/v2\/posts\/36352","targetHints":{"allow":["GET"]}}],"collection":[{"href":"https:\/\/plazajuarez.mx\/historico\/wp-json\/wp\/v2\/posts"}],"about":[{"href":"https:\/\/plazajuarez.mx\/historico\/wp-json\/wp\/v2\/types\/post"}],"author":[{"embeddable":true,"href":"https:\/\/plazajuarez.mx\/historico\/wp-json\/wp\/v2\/users\/3"}],"replies":[{"embeddable":true,"href":"https:\/\/plazajuarez.mx\/historico\/wp-json\/wp\/v2\/comments?post=36352"}],"version-history":[{"count":0,"href":"https:\/\/plazajuarez.mx\/historico\/wp-json\/wp\/v2\/posts\/36352\/revisions"}],"wp:attachment":[{"href":"https:\/\/plazajuarez.mx\/historico\/wp-json\/wp\/v2\/media?parent=36352"}],"wp:term":[{"taxonomy":"category","embeddable":true,"href":"https:\/\/plazajuarez.mx\/historico\/wp-json\/wp\/v2\/categories?post=36352"},{"taxonomy":"post_tag","embeddable":true,"href":"https:\/\/plazajuarez.mx\/historico\/wp-json\/wp\/v2\/tags?post=36352"}],"curies":[{"name":"wp","href":"https:\/\/api.w.org\/{rel}","templated":true}]}}