{"id":36350,"date":"2017-02-12T14:51:36","date_gmt":"2017-02-12T14:51:36","guid":{"rendered":"http:\/\/plazajuarez.mx\/index\/index.php\/2017\/02\/12\/se-apoyara-a-migrantes-repatriados-con-proyectos-productivos\/"},"modified":"2017-02-12T14:51:36","modified_gmt":"2017-02-12T14:51:36","slug":"se-apoyara-a-migrantes-repatriados-con-proyectos-productivos","status":"publish","type":"post","link":"https:\/\/plazajuarez.mx\/historico\/se-apoyara-a-migrantes-repatriados-con-proyectos-productivos\/","title":{"rendered":"Se apoyar\u00e1 a migrantes repatriados con proyectos productivos"},"content":{"rendered":"<p dir=\"ltr\" style=\"line-height: 1.2; margin-top: 0pt; margin-bottom: 0pt;\"><span style=\"font-size: 12pt; font-family: Calibri; color: #000000; background-color: transparent; font-weight: 400; font-style: normal; font-variant: normal; text-decoration: none; vertical-align: baseline;\">&#8220;Vamos a motivar a los migrantes que sean repatriados para que puedan \u00a0ejercer el oficio que muchos de ellos realizan en la uni\u00f3n americana, con una situaci\u00f3n muy clara de apoyo con un proyecto productivo para que puedan iniciar una empresa&#8221;, inform\u00f3 On\u00e9simo Serrano Gonz\u00e1lez, titular de la Secretar\u00eda de Desarrollo Social (SEDESOL), respecto a las estrategias para recibir a los migrantes hidalguenses repatriados.<\/span><\/p>\n<p>  <!--more-->  <\/p>\n<p>\u00a0<\/p>\n<p dir=\"ltr\" style=\"line-height: 1.2; margin-top: 0pt; margin-bottom: 0pt;\"><span style=\"font-size: 12pt; font-family: Calibri; color: #000000; background-color: transparent; font-weight: 400; font-style: normal; font-variant: normal; text-decoration: none; vertical-align: baseline;\">Precis\u00f3 que el recurso para este apoyo asciende a 15 millones de pesos, que ser\u00e1n ejercidos a trav\u00e9s del programa 3&#215;1 mismo que es blindado, pues con base en las reglas de que solo el migrante debidamente demostrado con sus documentos consulares o una licencia de conducir puede accesar, se\u00f1al\u00f3.<\/span><\/p>\n<p>\u00a0<\/p>\n<p dir=\"ltr\" style=\"line-height: 1.2; margin-top: 0pt; margin-bottom: 0pt;\"><span style=\"font-size: 12pt; font-family: Calibri; color: #000000; background-color: transparent; font-weight: 400; font-style: normal; font-variant: normal; text-decoration: none; vertical-align: baseline;\">&#8220;Estamos atentos y en comunicaci\u00f3n con federaciones de migrantes, en Sedesol nacional nos dan la indicaci\u00f3n \u00a0de tener comunicaci\u00f3n con los clubes de migrantes de Hidalgo y federaciones; la \u00fanica manera de defenderse es estar organizados y asociados en un club o federaci\u00f3n con el reconocimiento y el apoyo de las autoridades consulares que est\u00e1n acreditadas en la uni\u00f3n \u00a0americana&#8221;, manifest\u00f3.<\/span><\/p>\n<p>\u00a0<\/p>\n<p dir=\"ltr\" style=\"line-height: 1.2; margin-top: 0pt; margin-bottom: 0pt;\"><span style=\"font-size: 12pt; font-family: Calibri; color: #000000; background-color: transparent; font-weight: 400; font-style: normal; font-variant: normal; text-decoration: none; vertical-align: baseline;\">Precis\u00f3 que est\u00e1n registradas seis federaciones, dos en Chicago, una en Nueva York, Florida, Nevada y California, &#8220;estamos hablando de casi m\u00e1s de 200 clubes de migrantes en toda la uni\u00f3n \u00a0americana; la manera de defendernos es estando unidos, es irrisorio que un pa\u00eds \u00a0que se form\u00f3 de migrantes, que en sus inicios como pa\u00eds estuvieron migrantes, ahora est\u00e9 atacando a este importante sector que viene a aportar riqueza y trabajo a la uni\u00f3n americana, estaremos atentos a este sentido, defendiendo y organizando a trav\u00e9s de clubes y \u00a0federaciones en coordinaci\u00f3n con los consulados a nuestros paisanos hidalguenses&#8221;, remat\u00f3.<\/span><\/p>\n<p>\u00a0<\/p>\n","protected":false},"excerpt":{"rendered":"<p>&#8220;Vamos a motivar a los migrantes que sean repatriados para que puedan \u00a0ejercer el oficio que muchos de ellos realizan en la uni\u00f3n americana, con una situaci\u00f3n muy clara de apoyo con un proyecto productivo para que puedan iniciar una empresa&#8221;, inform\u00f3 On\u00e9simo Serrano Gonz\u00e1lez, titular de la Secretar\u00eda de Desarrollo Social (SEDESOL), respecto a [&hellip;]<\/p>\n","protected":false},"author":3,"featured_media":0,"comment_status":"open","ping_status":"open","sticky":false,"template":"","format":"standard","meta":{"footnotes":""},"categories":[59],"tags":[],"class_list":["post-36350","post","type-post","status-publish","format-standard","hentry","category-general"],"_links":{"self":[{"href":"https:\/\/plazajuarez.mx\/historico\/wp-json\/wp\/v2\/posts\/36350","targetHints":{"allow":["GET"]}}],"collection":[{"href":"https:\/\/plazajuarez.mx\/historico\/wp-json\/wp\/v2\/posts"}],"about":[{"href":"https:\/\/plazajuarez.mx\/historico\/wp-json\/wp\/v2\/types\/post"}],"author":[{"embeddable":true,"href":"https:\/\/plazajuarez.mx\/historico\/wp-json\/wp\/v2\/users\/3"}],"replies":[{"embeddable":true,"href":"https:\/\/plazajuarez.mx\/historico\/wp-json\/wp\/v2\/comments?post=36350"}],"version-history":[{"count":0,"href":"https:\/\/plazajuarez.mx\/historico\/wp-json\/wp\/v2\/posts\/36350\/revisions"}],"wp:attachment":[{"href":"https:\/\/plazajuarez.mx\/historico\/wp-json\/wp\/v2\/media?parent=36350"}],"wp:term":[{"taxonomy":"category","embeddable":true,"href":"https:\/\/plazajuarez.mx\/historico\/wp-json\/wp\/v2\/categories?post=36350"},{"taxonomy":"post_tag","embeddable":true,"href":"https:\/\/plazajuarez.mx\/historico\/wp-json\/wp\/v2\/tags?post=36350"}],"curies":[{"name":"wp","href":"https:\/\/api.w.org\/{rel}","templated":true}]}}