{"id":36349,"date":"2017-02-12T14:51:29","date_gmt":"2017-02-12T14:51:29","guid":{"rendered":"http:\/\/plazajuarez.mx\/index\/index.php\/2017\/02\/12\/no-es-asunto-personal-son-cuentas-que-necesita-la-ciudadania-pedraza-chavez\/"},"modified":"2017-02-12T14:51:29","modified_gmt":"2017-02-12T14:51:29","slug":"no-es-asunto-personal-son-cuentas-que-necesita-la-ciudadania-pedraza-chavez","status":"publish","type":"post","link":"https:\/\/plazajuarez.mx\/historico\/no-es-asunto-personal-son-cuentas-que-necesita-la-ciudadania-pedraza-chavez\/","title":{"rendered":"No es asunto personal, son cuentas que necesita la ciudadan\u00eda: Pedraza Ch\u00e1vez"},"content":{"rendered":"<p dir=\"ltr\" style=\"line-height: 1.2; margin-top: 0pt; margin-bottom: 0pt; text-align: justify;\"><span style=\"font-size: 12pt; font-family: 'Times New Roman'; color: #212121; background-color: transparent; font-weight: 400; font-style: normal; font-variant: normal; text-decoration: none; vertical-align: baseline;\">\u201cEl tema de las cuentas p\u00fablicas no es un asunto personal, es m\u00e1s bien, un asunto que le compete \u00a0y le interesa a la ciudadan\u00eda\u201d, sentenci\u00f3 el senador del Partido de la Revoluci\u00f3n Democr\u00e1tica (PRD), Isidro Pedraza Ch\u00e1vez, ante los m\u00e1s de 56 millones de pesos que no ha podido comprobar el expresidente municipal de Alfajayucan, \u00d3scar \u00c1ngeles Garc\u00eda.<\/span><\/p>\n<p>  <!--more-->  <\/p>\n<p>\u00a0<\/p>\n<p dir=\"ltr\" style=\"line-height: 1.2; margin-top: 0pt; margin-bottom: 0pt; text-align: justify;\"><span style=\"font-size: 12pt; font-family: 'Times New Roman'; color: #212121; background-color: transparent; font-weight: 400; font-style: normal; font-variant: normal; text-decoration: none; vertical-align: baseline;\">De igual forma expuso que luego de que el pasado 25 de enero evidenci\u00f3 los malos manejos que tuvo la administraci\u00f3n del exalcalde, ante la opini\u00f3n p\u00fablica, el ex presidente opt\u00f3 por discutir el tema en las redes sociales, al hacer alusi\u00f3n a comentarios en torno a no tener pruebas de las acusaciones adem\u00e1s de que us\u00f3 la frase altisonante de &#8220;no tener huevos&#8221; para tratar de confrontarlo.<\/span><\/p>\n<p>\u00a0<\/p>\n<p dir=\"ltr\" style=\"line-height: 1.2; margin-top: 0pt; margin-bottom: 0pt; text-align: justify;\"><span style=\"font-size: 12pt; font-family: 'Times New Roman'; color: #212121; background-color: transparent; font-weight: 400; font-style: normal; font-variant: normal; text-decoration: none; vertical-align: baseline;\">Por lo anterior, el senador asever\u00f3 que present\u00f3 50 quejas que forman parte del expediente, mismo que obra en poder de las autoridades competentes, por lo que asegur\u00f3 \u00a0que no caer\u00e1 en provocaciones ya que, la administraci\u00f3n actual present\u00f3 la querella por el delito de peculado.<\/span><\/p>\n<p>\u00a0<\/p>\n<p dir=\"ltr\" style=\"line-height: 1.2; margin-top: 0pt; margin-bottom: 0pt; text-align: justify;\"><span style=\"font-size: 12pt; font-family: 'Times New Roman'; color: #212121; background-color: transparent; font-weight: 400; font-style: normal; font-variant: normal; text-decoration: none; vertical-align: baseline;\">Cabe destacar que de acuerdo al perredista, los 56 millones de pesos que han ocasionado controversia no han sido comprobados ya que aunque existen documentos \u201ccomprobatorios\u201d de cantidades exorbitantes, no son reconocidas por los mismos proveedores, lo cual ha generado malestar entre la poblaci\u00f3n, ya que al no ser reconocidos por las mismas empresas, se cae en la incertidumbre de saber de d\u00f3nde salieron dichos documentos.<\/span><\/p>\n<p><span style=\"font-size: 12pt; font-family: 'Times New Roman'; color: #212121; background-color: transparent; font-weight: 400; font-style: normal; font-variant: normal; text-decoration: none; vertical-align: baseline;\">Finalmente, Pedraza Ch\u00e1vez coment\u00f3 que el tema de corrupci\u00f3n y transparencia deber\u00e1 ser atendido por el gobierno estatal ya que hasta el momento han sido 25, los comit\u00e9s municipales que han solicitado al secretario de gobierno, Sim\u00f3n Vargas Aguilar, una revisi\u00f3n exhaustiva de las obras inconclusas, lo cual se suma a la queja formal ante la Procuradur\u00eda General de Justicia del Estado de Hidalgo (PGJEH).<\/span><\/p>\n","protected":false},"excerpt":{"rendered":"<p>\u201cEl tema de las cuentas p\u00fablicas no es un asunto personal, es m\u00e1s bien, un asunto que le compete \u00a0y le interesa a la ciudadan\u00eda\u201d, sentenci\u00f3 el senador del Partido de la Revoluci\u00f3n Democr\u00e1tica (PRD), Isidro Pedraza Ch\u00e1vez, ante los m\u00e1s de 56 millones de pesos que no ha podido comprobar el expresidente municipal de [&hellip;]<\/p>\n","protected":false},"author":3,"featured_media":0,"comment_status":"open","ping_status":"open","sticky":false,"template":"","format":"standard","meta":{"footnotes":""},"categories":[59],"tags":[],"class_list":["post-36349","post","type-post","status-publish","format-standard","hentry","category-general"],"_links":{"self":[{"href":"https:\/\/plazajuarez.mx\/historico\/wp-json\/wp\/v2\/posts\/36349","targetHints":{"allow":["GET"]}}],"collection":[{"href":"https:\/\/plazajuarez.mx\/historico\/wp-json\/wp\/v2\/posts"}],"about":[{"href":"https:\/\/plazajuarez.mx\/historico\/wp-json\/wp\/v2\/types\/post"}],"author":[{"embeddable":true,"href":"https:\/\/plazajuarez.mx\/historico\/wp-json\/wp\/v2\/users\/3"}],"replies":[{"embeddable":true,"href":"https:\/\/plazajuarez.mx\/historico\/wp-json\/wp\/v2\/comments?post=36349"}],"version-history":[{"count":0,"href":"https:\/\/plazajuarez.mx\/historico\/wp-json\/wp\/v2\/posts\/36349\/revisions"}],"wp:attachment":[{"href":"https:\/\/plazajuarez.mx\/historico\/wp-json\/wp\/v2\/media?parent=36349"}],"wp:term":[{"taxonomy":"category","embeddable":true,"href":"https:\/\/plazajuarez.mx\/historico\/wp-json\/wp\/v2\/categories?post=36349"},{"taxonomy":"post_tag","embeddable":true,"href":"https:\/\/plazajuarez.mx\/historico\/wp-json\/wp\/v2\/tags?post=36349"}],"curies":[{"name":"wp","href":"https:\/\/api.w.org\/{rel}","templated":true}]}}