{"id":36348,"date":"2017-02-11T18:14:43","date_gmt":"2017-02-11T18:14:43","guid":{"rendered":"http:\/\/plazajuarez.mx\/index\/index.php\/2017\/02\/11\/mochilazo-en-el-tiempo-45\/"},"modified":"2017-02-11T18:14:43","modified_gmt":"2017-02-11T18:14:43","slug":"mochilazo-en-el-tiempo-45","status":"publish","type":"post","link":"https:\/\/plazajuarez.mx\/historico\/mochilazo-en-el-tiempo-45\/","title":{"rendered":"Mochilazo en el tiempo"},"content":{"rendered":"<p id=\"docs-internal-guid-a769a325-2e63-0d17-586a-fd03fec15bf7\" dir=\"ltr\" style=\"text-align: justify;\">Del Acapulco dorado de los 60 al Acapulco violento<\/p>\n<p dir=\"ltr\" style=\"text-align: justify;\">Su nombre es recurrente en las noticias y hasta canciones. Qui\u00e9n no conoce la canci\u00f3n que empieza as\u00ed: \u201cAcu\u00e9rdate de Acapulco, de aquella noche, Mar\u00eda bonita\u2026\u201d. En la d\u00e9cada de los 30 inici\u00f3 la fama de este puerto, para luego posicionarse en los 50 como un gran centro tur\u00edstico; sin embargo, desde hace casi dos d\u00e9cadas este sitio de descanso y esparcimiento se ha visto ensombrecido por la inseguridad.<\/p>\n<p>  <!--more-->  <\/p>\n<p dir=\"ltr\" style=\"text-align: justify;\">Su nombre proviene del vocablo n\u00e1huatl, sacatl-carrizo, poloa-destruir o arrastrar y lo-lugar, es decir, \u201clugar donde se destruyen los carrizos\u201d. El puerto siempre ha sido punto de intercambio comercial y cultural desde la mitad del siglo XVI cuando era una parada obligada de la ruta de la seda, a trav\u00e9s de la Nao de China y el Gale\u00f3n de Manila.<\/p>\n<p dir=\"ltr\" style=\"text-align: justify;\">\u00bfCu\u00e1ndo comenz\u00f3 la vida tur\u00edstica de Acapulco? Quiz\u00e1 no exista una fecha exacta, pero el d\u00eda clave fue el 11 de noviembre de 1927 cuando se inaugur\u00f3 el tramo de carretera hacia Taxco, Guerrero, la cual comunicaba con la Ciudad de M\u00e9xico y, por supuesto, favoreci\u00f3 el turismo. No fue hasta 1936, cuando la obra se termin\u00f3 y poco a poco se fue consolidando como una ruta para vacacionar.<\/p>\n<p dir=\"ltr\" style=\"text-align: justify;\">En la d\u00e9cada de los 30, gracias a la aprobaci\u00f3n del Ayuntamiento de Acapulco y el gobernador de la entidad, Adri\u00e1n Castrej\u00f3n, se comenzaron a regalar algunos terrenos para la construcci\u00f3n de hoteles. Adem\u00e1s, se realiz\u00f3 el cambio del uso del suelo en el centro de la entidad, de residencial a comercial (hospedaje y alimentos). En los 30 tambi\u00e9n iniciaron los vuelos comerciales hacia este puerto, lo cual increment\u00f3 el turismo.<\/p>\n<p dir=\"ltr\" style=\"text-align: justify;\">R\u00e1pido crecimiento tur\u00edstico<\/p>\n<p dir=\"ltr\" style=\"text-align: justify;\">En 1927, comenzaron a ser famosos algunos hoteles. En esa \u00e9poca, exist\u00edan cerca de ocho hoteles en Acapulco, a finales de la d\u00e9cada de los 40 ya hab\u00eda aproximadamente 64; un promedio de construcci\u00f3n de dos hoteles por a\u00f1o.<\/p>\n<p dir=\"ltr\" style=\"text-align: justify;\">Un lugar emblem\u00e1tico de Acapulco es La Quebrada. Al principio, se trataba de un juego de ni\u00f1os, el cual consist\u00eda en subir a las rocas, \u201cmientras esperaban para soltar las anclas de las embarcaciones de pesca\u201d, de acuerdo con el suplemento de turismo publicado por EL UNIVERSAL en junio de 2016.<\/p>\n<p dir=\"ltr\" style=\"text-align: justify;\">En diciembre de 1945, Mar\u00eda F\u00e9lix y Agust\u00edn Lara contrajeron matrimonio. El destino de su \u201cluna de miel\u201d fue Acapulco y se hospedaron en un hotel frente a la playa Hornos. En tal para\u00edso, el compositor le escribi\u00f3 la canci\u00f3n \u201cMar\u00eda Bonita\u201d. Tambi\u00e9n fue sitio para la \u201cluna de miel\u201d de los Kennedy en septiembre de 1953, entre otras parejas famosas.<\/p>\n<p dir=\"ltr\" style=\"text-align: justify;\">En 1946, en este puerto tan famoso se film\u00f3 la primera pel\u00edcula: La dama de Shanghai, dirigida y protagonizada por Orson Welles y Rita Hayworth. La filmaci\u00f3n ocurri\u00f3 en el Hotel Casablanca, el primero en tener m\u00e1s de 200 habitaciones de lujo.<\/p>\n<p dir=\"ltr\" style=\"text-align: justify;\">De 1930 a 1950 la poblaci\u00f3n creci\u00f3 cuatro veces: de 6 mil 529 a 28 mil 512 habitantes. No fue hasta el gobierno del ex presidente Miguel Alem\u00e1n Vald\u00e9s (1946-1952), cuando este lugar se posicion\u00f3 como un centro tur\u00edstico.<\/p>\n<p dir=\"ltr\" style=\"text-align: justify;\">As\u00ed, el puerto de Acapulco fue durante las siguientes d\u00e9cadas el gran centro tur\u00edstico de M\u00e9xico, Canc\u00fan en Quintana Roo, tal vez le sigui\u00f3 en fama, pero la cercan\u00eda con la Ciudad de M\u00e9xico y la constante modernizaci\u00f3n de las carreteras que lo comunican, lo mantiene a la vanguardia como primera opci\u00f3n para los habitantes del centro del pa\u00eds. Varios artistas como Mario Moreno \u201cCantinflas\u201d, Andr\u00e9s Garc\u00eda, Joan Sebastian, Juan Gabriel y Luis Miguel, entre otras personalidades compraron casas en este emblem\u00e1tico puerto.<\/p>\n<p dir=\"ltr\" style=\"text-align: justify;\">De para\u00edso a zona de inseguridad<\/p>\n<p dir=\"ltr\" style=\"text-align: justify;\">Sin embargo, aquel para\u00edso ha cambiado. Las bandas criminales comenzaron a ser m\u00e1s \u201cvisibles\u201d. Durante el gobierno de Zeferino Torreblanca, en 2005, el Ej\u00e9rcito Mexicano y la Polic\u00eda Federal vigilaban la ciudad de Acapulco para garantizar la seguridad de los ciudadanos, despu\u00e9s de que el 9 de agosto de ese a\u00f1o el cuartel de la polic\u00eda preventiva del estado fue atacado con una granada en Puerto Marqu\u00e9s.<\/p>\n<p dir=\"ltr\" style=\"text-align: justify;\">En ese entonces el gobernador declar\u00f3: &#8220;Ni quiero, ni puedo, ni tengo por qu\u00e9 combatir el narcotr\u00e1fico&#8221; y dijo que tambi\u00e9n se carec\u00eda de elementos de seguridad que pudieran enfrentar a la delincuencia organizada.<\/p>\n<p dir=\"ltr\" style=\"text-align: justify;\">Los cr\u00edmenes relacionados con el tr\u00e1fico de droga crecieron y el 11 de diciembre de 2006, el ex presidente Felipe Calder\u00f3n anunci\u00f3 el primer operativo conjunto para combatir al crimen organizado: Operaci\u00f3n Conjunta Guerrero. As\u00ed, llegaron 7 mil 600 federales del Ej\u00e9rcito, la Armada, la Polic\u00eda Federal Preventiva, la Fuerza A\u00e9rea y polic\u00edas de la Agencia Federal de Investigaciones.<\/p>\n<p dir=\"ltr\" style=\"text-align: justify;\">Para 2007, este sitio se hab\u00eda convertido en el lugar ideal para ejecuciones, tiroteos, masacres. EL UNIVERSAL public\u00f3 la nota \u201cImpera narcoterror de Acapulco a Ixtapa\u201d el 26 de enero de aquel 2007. Ah\u00ed se explica c\u00f3mo desde 2006 hab\u00edan ocurrido 200 ejecuciones, 11 decapitaciones, 35 ataques con granadas y cerca de \u00a040 atentados contra polic\u00edas.<\/p>\n<p dir=\"ltr\" style=\"text-align: justify;\">Para el 7 de octubre de 2011, se implement\u00f3 el operativo Guerrero Seguro, anunciado por el gabinete de Seguridad Nacional. En ese a\u00f1o, esta entidad se ubicaba en el tercer lugar en tasa de homicidios y en 2013 se coloc\u00f3 en primer lugar.<\/p>\n<p dir=\"ltr\" style=\"text-align: justify;\">En 2016 el secretario ejecutivo del Sistema Nacional de Seguridad P\u00fablica inform\u00f3 que la guerra protagonizada por el narcotr\u00e1fico y combatida por las fuerzas de seguridad del estado dej\u00f3 un saldo de 16 mil 359 v\u00edctimas en un periodo de 10 a\u00f1os (2005\u2014 2015).<\/p>\n<p dir=\"ltr\" style=\"text-align: justify;\">La Informaci\u00f3n reciente del Secretario Ejecutivo del Sistema de Nacional de Seguridad P\u00fablica nos muestra a un estado m\u00e1s violento durante el primer semestre del 2016, pues se registraron mil 52 homicidios dolosos coloc\u00e1ndose en primer lugar nacional.<\/p>\n<p dir=\"ltr\" style=\"text-align: justify;\">En abril del 2010 la sociedad Civil de Acapulco realiz\u00f3 una &#8220;Marcha por la Paz&#8221; en la cual tambi\u00e9n participaron familiares de v\u00edctimas.<\/p>\n<p style=\"text-align: justify;\">Ahora, ni las olas pueden arrastrar el dolor que lleg\u00f3 a este entidad. Lo habitantes y los visitantes ya no caminan tranquilos. Al bonito Acapulco le falta el brillo y la paz que vieron los turistas de anta\u00f1o, lo cual enamoraba a cualquiera. Ojal\u00e1 que en pocos a\u00f1os el t\u00edtulo en primera plana en los peri\u00f3dicos sea \u201cAcapulco ha alcanzado la paz\u201d. La esperanza muere al \u00faltimo.<\/p>\n","protected":false},"excerpt":{"rendered":"<p>Del Acapulco dorado de los 60 al Acapulco violento Su nombre es recurrente en las noticias y hasta canciones. Qui\u00e9n no conoce la canci\u00f3n que empieza as\u00ed: \u201cAcu\u00e9rdate de Acapulco, de aquella noche, Mar\u00eda bonita\u2026\u201d. En la d\u00e9cada de los 30 inici\u00f3 la fama de este puerto, para luego posicionarse en los 50 como un [&hellip;]<\/p>\n","protected":false},"author":3,"featured_media":0,"comment_status":"open","ping_status":"open","sticky":false,"template":"","format":"standard","meta":{"footnotes":""},"categories":[42],"tags":[],"class_list":["post-36348","post","type-post","status-publish","format-standard","hentry","category-nuestrapalabra"],"_links":{"self":[{"href":"https:\/\/plazajuarez.mx\/historico\/wp-json\/wp\/v2\/posts\/36348","targetHints":{"allow":["GET"]}}],"collection":[{"href":"https:\/\/plazajuarez.mx\/historico\/wp-json\/wp\/v2\/posts"}],"about":[{"href":"https:\/\/plazajuarez.mx\/historico\/wp-json\/wp\/v2\/types\/post"}],"author":[{"embeddable":true,"href":"https:\/\/plazajuarez.mx\/historico\/wp-json\/wp\/v2\/users\/3"}],"replies":[{"embeddable":true,"href":"https:\/\/plazajuarez.mx\/historico\/wp-json\/wp\/v2\/comments?post=36348"}],"version-history":[{"count":0,"href":"https:\/\/plazajuarez.mx\/historico\/wp-json\/wp\/v2\/posts\/36348\/revisions"}],"wp:attachment":[{"href":"https:\/\/plazajuarez.mx\/historico\/wp-json\/wp\/v2\/media?parent=36348"}],"wp:term":[{"taxonomy":"category","embeddable":true,"href":"https:\/\/plazajuarez.mx\/historico\/wp-json\/wp\/v2\/categories?post=36348"},{"taxonomy":"post_tag","embeddable":true,"href":"https:\/\/plazajuarez.mx\/historico\/wp-json\/wp\/v2\/tags?post=36348"}],"curies":[{"name":"wp","href":"https:\/\/api.w.org\/{rel}","templated":true}]}}