{"id":36239,"date":"2017-02-09T21:40:42","date_gmt":"2017-02-09T21:40:42","guid":{"rendered":"http:\/\/plazajuarez.mx\/index\/index.php\/2017\/02\/09\/nina-de-7-anos-intento-escapar-a-celaya-por-bullying-en-su-escuela\/"},"modified":"2017-02-09T21:40:42","modified_gmt":"2017-02-09T21:40:42","slug":"nina-de-7-anos-intento-escapar-a-celaya-por-bullying-en-su-escuela","status":"publish","type":"post","link":"https:\/\/plazajuarez.mx\/historico\/nina-de-7-anos-intento-escapar-a-celaya-por-bullying-en-su-escuela\/","title":{"rendered":"Ni\u00f1a de 7 a\u00f1os intent\u00f3 escapar a Celaya por bullying en su escuela"},"content":{"rendered":"<p class=\"MsoNormal\" style=\"text-align: justify;\">Una ni\u00f1a de 7 a\u00f1os de edad pretend\u00eda viajar sola de San Miguel de Allende a Celaya, pero al llegar a la Central de Autobuses se puso a llorar. Las l\u00e1grimas de la menor atrajeron la atenci\u00f3n de pasajeros en la terminal, quienes marcaron al 911 para reportar el acontecimiento. Ante personal especializado de Prevenci\u00f3n del delito municipal, platic\u00f3 que se iba porque en su escuela sus compa\u00f1eros se burlaban de ella.<\/p>\n<p>  <!--more-->  <\/p>\n<p class=\"MsoNormal\" style=\"text-align: justify;\">Coment\u00f3 que es alumna de la escuela primaria de la comunidad Santuario de Atotonilco, del municipio de San Miguel de Allende.<\/p>\n<p class=\"MsoNormal\" style=\"text-align: justify;\">La tarde del martes, la Secretar\u00eda de Seguridad P\u00fablica (SSP) municipal recibi\u00f3 el reporte de que una ni\u00f1a lloraba por extrav\u00edo en la Central de Autobuses, por lo que elementos de la Polic\u00eda Municipal acudieron al auxilio. En la terminal le preguntaron a la menor de d\u00f3nde ven\u00eda, hacia d\u00f3nde iba, por qu\u00e9 viajaba sola y los nombres de sus padres, pero s\u00f3lo respond\u00eda que ten\u00eda que irse a Celaya.<\/p>\n<p class=\"MsoNormal\" style=\"text-align: justify;\">Al ser trasladada al \u00e1rea de Servicio Social, con la intervenci\u00f3n de los especialistas del \u00e1rea de Prevenci\u00f3n del Delito y Participaci\u00f3n Ciudadana, dijo que en su escuela \u201csufr\u00eda la burla por parte de sus compa\u00f1eros\u201d, inform\u00f3 la SSP en un comunicado.<\/p>\n<p class=\"MsoNormal\" style=\"text-align: justify;\">Dijo que del Santuario de Atotonilco tom\u00f3 el autob\u00fas que la llev\u00f3 hasta la Central de Autobuses, donde pretend\u00eda trasladarse a Celaya para buscar a unos familiares. La Secretar\u00eda de Seguridad P\u00fablica municipal se\u00f1al\u00f3 que el \u00e1rea de &#8220;Prevenci\u00f3n del Delito y Participaci\u00f3n Ciudadana&#8221;, con el apoyo de Tr\u00e1nsito Municipal y Protecci\u00f3n Civil, auxili\u00f3 a la ni\u00f1a y la regres\u00f3 con sus padres.<\/p>\n<p class=\"MsoNormal\" style=\"text-align: justify;\">El \u00e1rea de Prevenci\u00f3n cuenta con especialistas que le brindaron atenci\u00f3n psicol\u00f3gica, al conocer su situaci\u00f3n se defini\u00f3 llevarla con sus padres para dar seguimiento al tema.<\/p>\n<p class=\"MsoNormal\" style=\"text-align: justify;\">La Procuradur\u00eda de Derechos Humanos del Estado de Guanajuato (PDHEG) inform\u00f3 que al conocer el caso de posible violencia escolar dio inicio de forma oficiosa al expediente de queja 20\/17-D por probable bullying.<\/p>\n<p style=\"text-align: justify;\">\u00a0<\/p>\n<p class=\"MsoNormal\" style=\"text-align: justify;\">Derechos Humanos dict\u00f3 medidas precautorias de protecci\u00f3n a la menor, ha buscado a los padres de la peque\u00f1a para que ratifiquen la queja y requiri\u00f3 informes a la delegaci\u00f3n de la Secretar\u00eda de Educaci\u00f3n de Guanajuato (SEG) y al titular de la escuela primaria de Atotonilco.<\/p>\n","protected":false},"excerpt":{"rendered":"<p>Una ni\u00f1a de 7 a\u00f1os de edad pretend\u00eda viajar sola de San Miguel de Allende a Celaya, pero al llegar a la Central de Autobuses se puso a llorar. Las l\u00e1grimas de la menor atrajeron la atenci\u00f3n de pasajeros en la terminal, quienes marcaron al 911 para reportar el acontecimiento. Ante personal especializado de Prevenci\u00f3n [&hellip;]<\/p>\n","protected":false},"author":6,"featured_media":0,"comment_status":"open","ping_status":"open","sticky":false,"template":"","format":"standard","meta":{"footnotes":""},"categories":[37],"tags":[],"class_list":["post-36239","post","type-post","status-publish","format-standard","hentry","category-barandilla"],"_links":{"self":[{"href":"https:\/\/plazajuarez.mx\/historico\/wp-json\/wp\/v2\/posts\/36239","targetHints":{"allow":["GET"]}}],"collection":[{"href":"https:\/\/plazajuarez.mx\/historico\/wp-json\/wp\/v2\/posts"}],"about":[{"href":"https:\/\/plazajuarez.mx\/historico\/wp-json\/wp\/v2\/types\/post"}],"author":[{"embeddable":true,"href":"https:\/\/plazajuarez.mx\/historico\/wp-json\/wp\/v2\/users\/6"}],"replies":[{"embeddable":true,"href":"https:\/\/plazajuarez.mx\/historico\/wp-json\/wp\/v2\/comments?post=36239"}],"version-history":[{"count":0,"href":"https:\/\/plazajuarez.mx\/historico\/wp-json\/wp\/v2\/posts\/36239\/revisions"}],"wp:attachment":[{"href":"https:\/\/plazajuarez.mx\/historico\/wp-json\/wp\/v2\/media?parent=36239"}],"wp:term":[{"taxonomy":"category","embeddable":true,"href":"https:\/\/plazajuarez.mx\/historico\/wp-json\/wp\/v2\/categories?post=36239"},{"taxonomy":"post_tag","embeddable":true,"href":"https:\/\/plazajuarez.mx\/historico\/wp-json\/wp\/v2\/tags?post=36239"}],"curies":[{"name":"wp","href":"https:\/\/api.w.org\/{rel}","templated":true}]}}