{"id":36236,"date":"2017-02-09T20:33:52","date_gmt":"2017-02-09T20:33:52","guid":{"rendered":"http:\/\/plazajuarez.mx\/index\/index.php\/2017\/02\/09\/ochoa-reza-alista-estrategia-legal-para-defender-a-migrantes\/"},"modified":"2017-02-09T20:33:52","modified_gmt":"2017-02-09T20:33:52","slug":"ochoa-reza-alista-estrategia-legal-para-defender-a-migrantes","status":"publish","type":"post","link":"https:\/\/plazajuarez.mx\/historico\/ochoa-reza-alista-estrategia-legal-para-defender-a-migrantes\/","title":{"rendered":"Ochoa Reza alista estrategia legal para defender a migrantes"},"content":{"rendered":"<p class=\"MsoNormal\" style=\"text-align: justify;\">El presidente del Partido Revolucionario Institucional (PRI), Enrique Ochoa Reza, asegur\u00f3 que trabajar\u00e1 durante su gira en EU por evitar la criminalizaci\u00f3n de los migrantes, adem\u00e1s de defender la agenda comercial que hay con el pa\u00eds norteamericano.<\/p>\n<p>  <!--more-->  <\/p>\n<p class=\"MsoNormal\" style=\"text-align: justify;\">Al iniciar hoy jueves su gira de dos d\u00edas por la Uni\u00f3n Americana, Ochoa Reza asegur\u00f3 que es indispensable proteger el desarrollo de la vida de nuestros connacionales.<\/p>\n<p class=\"MsoNormal\" style=\"text-align: justify;\">\u201cHay que evitar completamente la criminalizaci\u00f3n de la migraci\u00f3n. No se puede poner en riesgo el futuro de los j\u00f3venes ni de las familias; no se puede separar a los hijos de sus padres, por una pol\u00edtica migratoria que no entiende que los derechos humanos est\u00e1n primero.<\/p>\n<p class=\"MsoNormal\" style=\"text-align: justify;\">El pol\u00edtico mexicano se pronunci\u00f3 por proteger a los trabajadores mexicanos y \u201cdreamers\u201d, para evitar que vean interrumpido el desarrollo de su vida econ\u00f3mica, social y cultural en EU.<\/p>\n<p class=\"MsoNormal\" style=\"text-align: justify;\">Ochoa Reza sostuvo que se revisar\u00e1 puntualmente la legalidad de cada una de las ideas y medidas de los funcionarios estadounidenses, para defender los derechos de los migrantes mexicanos con la ley en la mano.<\/p>\n<p class=\"MsoNormal\" style=\"text-align: justify;\">Subray\u00f3 que \u00e9ste es uno de los prop\u00f3sitos de su viaje, por lo que este d\u00eda se reunir\u00e1 con abogados especialistas en materia migratoria.<\/p>\n<p class=\"MsoNormal\" style=\"text-align: justify;\">\u201cDebemos tener muy claro que hay una agenda comercial qu\u00e9 defender, que ha generado amplios intercambios econ\u00f3micos y la creaci\u00f3n de empleos bien remunerados de ambos lados de la frontera. Tenemos que construir una relaci\u00f3n con los Estados Unidos que beneficie a m\u00faltiples generaciones de mexicanos por venir.<\/p>\n<p class=\"MsoNormal\" style=\"text-align: justify;\">\u201cEl gravamen de las remesas es una idea absurda, que tenemos que atajar y que ha encontrado en las Cortes americanas un importante contrapeso. La ley est\u00e1 por encima de una declaraci\u00f3n presidencial y, por lo tanto, est\u00e1 sujeta a la revisi\u00f3n de los jueces federales, que le han puesto un freno\u201d, puntualiz\u00f3.<\/p>\n<p class=\"MsoNormal\" style=\"text-align: justify;\">Desde territorio estadounidense, el l\u00edder nacional del PRI hizo un llamado a los mexicanos a mantener la unidad nacional, para defender fortalecidos los altos intereses de M\u00e9xico ante el reto internacional.<\/p>\n<p class=\"MsoNormal\" style=\"text-align: justify;\">En un comunicado, el PRI explic\u00f3 que ya sostuvo una reuni\u00f3n con miembros de la US M\u00e9xico Chamber of Commerce, y har\u00e1 lo mismo con l\u00edderes de comunidades de migrantes estudiantes.<\/p>\n<p class=\"MsoNormal\" style=\"text-align: justify;\">Mientras que este jueves tendr\u00e1 encuentros con el Council of Am\u00e9ricas, la Universidad de Columbia, y especialistas en la relaci\u00f3n bilateral M\u00e9xico-EU y ma\u00f1ana viernes estar\u00e1 en la ciudad de Passaic con el vicealcalde C\u00e9sar Aguirre, y tambi\u00e9n se reunir\u00e1 con el C\u00f3nsul de M\u00e9xico en Nueva York, Diego G\u00f3mez Pickering.<\/p>\n<p class=\"MsoNormal\" style=\"text-align: justify;\">\u201cContinuaremos estableciendo v\u00ednculos en Los \u00c1ngeles, Chicago y Texas, para hacer recorridos en un futuro pr\u00f3ximo\u201d, detall\u00f3.<\/p>\n<p class=\"MsoNormal\" style=\"text-align: justify;\">Enrique Ochoa Reza inform\u00f3 que asistir\u00e1 a la marcha que se realizar\u00e1 en la Ciudad de M\u00e9xico el pr\u00f3ximo domingo, en defensa de los migrantes mexicanos.<\/p>\n<p style=\"text-align: justify;\">\u00a0<\/p>\n<p class=\"MsoNormal\" style=\"text-align: justify;\">\u201cReconocemos la convocatoria que est\u00e1 haciendo la sociedad civil. Participaremos como tres mexicanos m\u00e1s: mi hija de dos a\u00f1os y medio, mi esposa Greta y yo. Lo haremos de manera privada y como ciudadanos, respetando puntualmente que la convocatoria es apartidista\u201d, concluy\u00f3.<\/p>\n","protected":false},"excerpt":{"rendered":"<p>El presidente del Partido Revolucionario Institucional (PRI), Enrique Ochoa Reza, asegur\u00f3 que trabajar\u00e1 durante su gira en EU por evitar la criminalizaci\u00f3n de los migrantes, adem\u00e1s de defender la agenda comercial que hay con el pa\u00eds norteamericano.<\/p>\n","protected":false},"author":6,"featured_media":0,"comment_status":"open","ping_status":"open","sticky":false,"template":"","format":"standard","meta":{"footnotes":""},"categories":[36],"tags":[],"class_list":["post-36236","post","type-post","status-publish","format-standard","hentry","category-nacion"],"_links":{"self":[{"href":"https:\/\/plazajuarez.mx\/historico\/wp-json\/wp\/v2\/posts\/36236","targetHints":{"allow":["GET"]}}],"collection":[{"href":"https:\/\/plazajuarez.mx\/historico\/wp-json\/wp\/v2\/posts"}],"about":[{"href":"https:\/\/plazajuarez.mx\/historico\/wp-json\/wp\/v2\/types\/post"}],"author":[{"embeddable":true,"href":"https:\/\/plazajuarez.mx\/historico\/wp-json\/wp\/v2\/users\/6"}],"replies":[{"embeddable":true,"href":"https:\/\/plazajuarez.mx\/historico\/wp-json\/wp\/v2\/comments?post=36236"}],"version-history":[{"count":0,"href":"https:\/\/plazajuarez.mx\/historico\/wp-json\/wp\/v2\/posts\/36236\/revisions"}],"wp:attachment":[{"href":"https:\/\/plazajuarez.mx\/historico\/wp-json\/wp\/v2\/media?parent=36236"}],"wp:term":[{"taxonomy":"category","embeddable":true,"href":"https:\/\/plazajuarez.mx\/historico\/wp-json\/wp\/v2\/categories?post=36236"},{"taxonomy":"post_tag","embeddable":true,"href":"https:\/\/plazajuarez.mx\/historico\/wp-json\/wp\/v2\/tags?post=36236"}],"curies":[{"name":"wp","href":"https:\/\/api.w.org\/{rel}","templated":true}]}}