{"id":36212,"date":"2017-02-09T12:53:12","date_gmt":"2017-02-09T12:53:12","guid":{"rendered":"http:\/\/plazajuarez.mx\/index\/index.php\/2017\/02\/09\/por-su-intelecto-su-espiritu-emprendedor-su-bonhomia-y-por-su-amor-a-mexico-don-lorenzo-servitje-va-a-hacer-mucha-falta\/"},"modified":"2017-02-09T12:53:12","modified_gmt":"2017-02-09T12:53:12","slug":"por-su-intelecto-su-espiritu-emprendedor-su-bonhomia-y-por-su-amor-a-mexico-don-lorenzo-servitje-va-a-hacer-mucha-falta","status":"publish","type":"post","link":"https:\/\/plazajuarez.mx\/historico\/por-su-intelecto-su-espiritu-emprendedor-su-bonhomia-y-por-su-amor-a-mexico-don-lorenzo-servitje-va-a-hacer-mucha-falta\/","title":{"rendered":"Por su intelecto, su esp\u00edritu emprendedor, su bonhom\u00eda, y por su amor a M\u00e9xico, don Lorenzo Servitje va a hacer mucha falta"},"content":{"rendered":"<p>Escuchar, pensar y actuar<br \/>\u201cA la memoria de don Lorenzo Servitje Sendra\u201d<\/p>\n<p>  <!--more-->  <\/p>\n<p>Desde 2001 me invitaron a incorporarme a un grupo de amigos que, por convocatoria de Jorge Orva\u00f1anos, se re\u00fane a comer seis veces al a\u00f1o, autodenominado Grupo de Economistas, aunque no todos lo son. La agenda, que se ha repetido siempre, es por dem\u00e1s sencilla: I. Situaci\u00f3n econ\u00f3mica: en lo internacional y en M\u00e9xico; II. Situaci\u00f3n pol\u00edtica: en lo internacional y en M\u00e9xico. Uno de los miembros, a mi entender el m\u00e1s distinguido, fue don Lorenzo Servitje Sendra. Esas reuniones y algunos encuentros que se derivaron de \u00e9stas me permitieron conocerlo y tejer una relaci\u00f3n de amistad.<br \/>A la muerte de su padre, la semana pasada su hijo Daniel escribi\u00f3 una espl\u00e9ndida carta en la que hace un recuento de las caracter\u00edsticas del hombre y padre, as\u00ed como de la trayectoria del destacado empresario. Es dif\u00edcil agregar algo a esa pieza privilegiada por la cercan\u00eda y la relaci\u00f3n filial. Por ello, s\u00f3lo me atrevo a destacar lo que caracteriz\u00f3 a don Lorenzo en su participaci\u00f3n en esas gratas e interesantes comidas.<br \/>Escuchar, pensar, y preguntar, antes de afirmar o actuar, era su costumbre. Con su amabilidad caracter\u00edstica, por lo general tomaba su lugar a la mesa y escuchaba con atenci\u00f3n a los comensales. Si ten\u00eda alguna duda o alguna precisi\u00f3n que hacer, lo hac\u00eda en el momento adecuado, respetando siempre los espacios de todos los interlocutores. Nunca se pon\u00eda a hablar con alguno de los asistentes mientras otro hac\u00eda uso de la palabra, signo inequ\u00edvoco de respeto personal. No pontificaba ni acaparaba la conversaci\u00f3n. Durante la comida, estaba atento, pensando, cavilando, como distinguiendo lo esencial de lo adjetivo o anecd\u00f3tico. Su costumbre era solicitar intervenir ya avanzada la comida, adivino que cuando \u00e9l consideraba que ten\u00eda algo que aportar a la argumentaci\u00f3n.<br \/>Con el tiempo fui cayendo en cuenta de que don Lorenzo ten\u00eda una agenda central: M\u00e9xico. Se informaba, debat\u00eda, reflexionaba, siempre en funci\u00f3n de qu\u00e9 implicaba todo ello para nuestro pa\u00eds, que era su pasi\u00f3n. Abrevaba de planteamientos generales y abstractos a fin de transformarlos en prescripciones pr\u00e1cticas sobre lo que habr\u00eda que hacer en M\u00e9xico. Cuando identificaba algo que se hac\u00eda bien en alg\u00fan tema o latitud, de inmediato se\u00f1alaba el impacto y los beneficios para M\u00e9xico, de poder adaptar y adoptar esa pr\u00e1ctica. Lo hac\u00eda movido por una constante preocupaci\u00f3n por la persistente pobreza y por la lacerante desigualdad.<br \/>En ocasiones en que la conversaci\u00f3n parec\u00eda no haber tocado alg\u00fan tema que \u00e9l tra\u00eda en mente, buscaba la oportunidad para decir: \u201cA ver, les tengo una pregunta\u201d, misma que planteaba al grupo de manera contundente. Sus interrogantes fueron por dem\u00e1s relevantes y, siempre, desde la perspectiva de M\u00e9xico.<br \/>Don Lorenzo era muy puntual. Llegaba a la hora de la cita y era el primero que se levantaba, a las 16:30, se\u00f1alando que ese era el horario acordado. Su sencillez en lo cotidiano queda plasmada en una an\u00e9cdota. En una ocasi\u00f3n que comi\u00f3 en mi casa, me levant\u00e9 y lo acompa\u00f1\u00e9 a la puerta; sali\u00f3 y se subi\u00f3 en un coche. El coche arranc\u00f3. Minutos despu\u00e9s, son\u00f3 el timbre, y mi sorpresa fue que era de nuevo don Lorenzo. Le pregunt\u00e9: \u201c\u00bfqu\u00e9 pas\u00f3?\u201d, a lo que respondi\u00f3: \u201ces que \u00e9se no es mi coche, y el m\u00edo no lo encuentro\u201d. \u201cA ver, voy a indagar\u201d.<br \/>Hizo un par de llamadas, y me dijo: \u201cno se preocupe, ya viene. Es que estaba a la misma altura de su casa, pero en la siguiente cuadra. Ya cay\u00f3 en cuenta y viene por m\u00ed. Me despido de nuevo y me disculpo por este contratiempo\u201d.<br \/>Va a hacer mucha falta don Lorenzo. Por su intelecto, por su esp\u00edritu emprendedor, por su bonhom\u00eda, por su amor a M\u00e9xico, por su preocupaci\u00f3n por los que menos tienen, y sobre todo, por su sencillez. Esto contrasta con lo que lamentablemente hoy se observa en M\u00e9xico. Se ha perdido conciencia de los dem\u00e1s, respeto a la convivencia en sociedad, discreci\u00f3n en la manera de vivir, y liderazgo para marcar, con autoridad moral, rumbo de c\u00f3mo un empresario puede hacer mucho en beneficio propio y de todos.<br \/>Con el tiempo fui cayendo en cuenta de que don Lorenzo ten\u00eda una agenda central: M\u00e9xico. Se informaba, debat\u00eda, reflexionaba, siempre en funci\u00f3n de qu\u00e9 implicaba todo ello para nuestro pa\u00eds, que era su pasi\u00f3n. Abrevaba de planteamientos generales y abstractos a fin de transformarlos en prescripciones pr\u00e1cticas sobre lo que habr\u00eda que hacer en M\u00e9xico<\/p>\n","protected":false},"excerpt":{"rendered":"<p>Escuchar, pensar y actuar\u201cA la memoria de don Lorenzo Servitje Sendra\u201d<\/p>\n","protected":false},"author":93,"featured_media":0,"comment_status":"open","ping_status":"open","sticky":false,"template":"","format":"standard","meta":{"footnotes":""},"categories":[42],"tags":[],"class_list":["post-36212","post","type-post","status-publish","format-standard","hentry","category-nuestrapalabra"],"_links":{"self":[{"href":"https:\/\/plazajuarez.mx\/historico\/wp-json\/wp\/v2\/posts\/36212","targetHints":{"allow":["GET"]}}],"collection":[{"href":"https:\/\/plazajuarez.mx\/historico\/wp-json\/wp\/v2\/posts"}],"about":[{"href":"https:\/\/plazajuarez.mx\/historico\/wp-json\/wp\/v2\/types\/post"}],"author":[{"embeddable":true,"href":"https:\/\/plazajuarez.mx\/historico\/wp-json\/wp\/v2\/users\/93"}],"replies":[{"embeddable":true,"href":"https:\/\/plazajuarez.mx\/historico\/wp-json\/wp\/v2\/comments?post=36212"}],"version-history":[{"count":0,"href":"https:\/\/plazajuarez.mx\/historico\/wp-json\/wp\/v2\/posts\/36212\/revisions"}],"wp:attachment":[{"href":"https:\/\/plazajuarez.mx\/historico\/wp-json\/wp\/v2\/media?parent=36212"}],"wp:term":[{"taxonomy":"category","embeddable":true,"href":"https:\/\/plazajuarez.mx\/historico\/wp-json\/wp\/v2\/categories?post=36212"},{"taxonomy":"post_tag","embeddable":true,"href":"https:\/\/plazajuarez.mx\/historico\/wp-json\/wp\/v2\/tags?post=36212"}],"curies":[{"name":"wp","href":"https:\/\/api.w.org\/{rel}","templated":true}]}}