{"id":36096,"date":"2017-02-07T12:35:00","date_gmt":"2017-02-07T12:35:00","guid":{"rendered":"http:\/\/plazajuarez.mx\/index\/index.php\/2017\/02\/07\/la-herida-sigue-abierta-la-policia-federal-no-debe-seguir-en-ixmiquilpan\/"},"modified":"2017-02-07T12:35:00","modified_gmt":"2017-02-07T12:35:00","slug":"la-herida-sigue-abierta-la-policia-federal-no-debe-seguir-en-ixmiquilpan","status":"publish","type":"post","link":"https:\/\/plazajuarez.mx\/historico\/la-herida-sigue-abierta-la-policia-federal-no-debe-seguir-en-ixmiquilpan\/","title":{"rendered":"\u201cLa herida sigue abierta\u2026 la Polic\u00eda Federal NO debe seguir en Ixmiquilpan\u201d"},"content":{"rendered":"<p>Ixmiquilpan<br \/>Lo dice el vocero del Movimiento Cinco de enero<\/p>\n<p>  <!--more-->  <\/p>\n<p>La Polic\u00eda Federal (PF) no debe seguir en Ixmiquilpan, debido a que la herida sigue abierta, asegur\u00f3 Jorge Maldonado, quien es identificado como vocero del Movimiento Cinco de Enero.<\/p>\n<p>Explic\u00f3\u00a0 que una de las decisiones tomadas es que la PF no volver\u00e1 a Ixmiquilpan, la Polic\u00eda Estatal\u00a0 (PE) a\u00fan no se define si regresa, es un tema que sigue sobre la mesa. Sin embargo puntualiz\u00f3, la PF no pondr\u00e1 un pie en este municipio.<\/p>\n<p>Expuso que fueron los federales quienes dispararon contra los manifestantes el pasado cinco de enero, por eso si llegaran a regresar al municipio, se generar\u00edan eventos de violencia de la sociedad civil en contra de la corporaci\u00f3n. <\/p>\n<p>Dijo que estas instalaciones de la PF estar\u00e1n bajo el resguardo del movimiento, debido a que los comuneros de Dios Padre se los han entregado mediante un acta de donaci\u00f3n, por lo cual su posesi\u00f3n es legal. <\/p>\n<p>En este sentido, subray\u00f3 que esta propiedad es de los bienes comunales, por tanto con la autorizaci\u00f3n de este grupo queda bajo el resguardo del movimiento estas instalaciones. <\/p>\n<p>Agreg\u00f3 que las instalaciones, as\u00ed como las unidades de auxilio tur\u00edstico y la ambulancia negociada, no ser\u00e1n de uso exclusivo para los parques acu\u00e1ticos, es para beneficio de toda la poblaci\u00f3n. <\/p>\n<p>Rechaz\u00f3 que exista alg\u00fan tipo de confrontaci\u00f3n con el delegado de El Valante, asimismo que no habr\u00e1 confrontaci\u00f3n con la localidad. <\/p>\n<p>Cabe se\u00f1alar que este grupo anti-gasolinazo, ha sido muy cuestionado por dichos acuerdos logrados, sin embargo Jorge Maldonado subray\u00f3 que el grupo colegiado que toma acuerdos siguen vigentes, s\u00f3lo uno fue dado de baja.<\/p>\n","protected":false},"excerpt":{"rendered":"<p>IxmiquilpanLo dice el vocero del Movimiento Cinco de enero<\/p>\n","protected":false},"author":93,"featured_media":0,"comment_status":"open","ping_status":"open","sticky":false,"template":"","format":"standard","meta":{"footnotes":""},"categories":[40],"tags":[],"class_list":["post-36096","post","type-post","status-publish","format-standard","hentry","category-region"],"_links":{"self":[{"href":"https:\/\/plazajuarez.mx\/historico\/wp-json\/wp\/v2\/posts\/36096","targetHints":{"allow":["GET"]}}],"collection":[{"href":"https:\/\/plazajuarez.mx\/historico\/wp-json\/wp\/v2\/posts"}],"about":[{"href":"https:\/\/plazajuarez.mx\/historico\/wp-json\/wp\/v2\/types\/post"}],"author":[{"embeddable":true,"href":"https:\/\/plazajuarez.mx\/historico\/wp-json\/wp\/v2\/users\/93"}],"replies":[{"embeddable":true,"href":"https:\/\/plazajuarez.mx\/historico\/wp-json\/wp\/v2\/comments?post=36096"}],"version-history":[{"count":0,"href":"https:\/\/plazajuarez.mx\/historico\/wp-json\/wp\/v2\/posts\/36096\/revisions"}],"wp:attachment":[{"href":"https:\/\/plazajuarez.mx\/historico\/wp-json\/wp\/v2\/media?parent=36096"}],"wp:term":[{"taxonomy":"category","embeddable":true,"href":"https:\/\/plazajuarez.mx\/historico\/wp-json\/wp\/v2\/categories?post=36096"},{"taxonomy":"post_tag","embeddable":true,"href":"https:\/\/plazajuarez.mx\/historico\/wp-json\/wp\/v2\/tags?post=36096"}],"curies":[{"name":"wp","href":"https:\/\/api.w.org\/{rel}","templated":true}]}}