{"id":35987,"date":"2017-02-05T06:29:55","date_gmt":"2017-02-05T06:29:55","guid":{"rendered":"http:\/\/plazajuarez.mx\/index\/index.php\/2017\/02\/05\/tiempos-de-trumpadas-y-oportunidades\/"},"modified":"2017-02-05T06:29:55","modified_gmt":"2017-02-05T06:29:55","slug":"tiempos-de-trumpadas-y-oportunidades","status":"publish","type":"post","link":"https:\/\/plazajuarez.mx\/historico\/tiempos-de-trumpadas-y-oportunidades\/","title":{"rendered":"Tiempos de trumpadas y oportunidades\u2026"},"content":{"rendered":"<p>No es tiempo de agarrarnos desesperadamente la cabeza y pensar que estamos de la trump\u2026ada, mejor agarremos nuestra cal y arena y empecemos a construir nuestras propias oportunidades.<\/p>\n<p>  <!--more-->  <\/p>\n<p>\u00a0<br \/>Las crisis son para eso, para despabilarnos y darnos cuenta que el planeta nos exige despertar, mejorar, disentir de aquello que nos mantiene atados y nos paraliza; un buen manejo de la crisis nos permitir\u00e1 salir m\u00e1s fortalecidos<br \/>\u00a0<br \/>Si Trump quiere construir su muro, nadie, excepto los propios ciudadanos estadounidenses, lo puede impedir; su muralla de la ignominia terminar\u00e1 por encerrarlos en un mundo de intolerancia, pues si bien una pared sirve para que nadie entre, tambi\u00e9n sirve para que ellos no salgan, y entonces a esa intolerancia se le agregar\u00e1 el de la soledad.<br \/>\u00a0<br \/>Estos tiempos borrascosos convirt\u00e1moslos en tiempos de oportunidades, para voltear hacia adentro y darnos cuenta que estar con U.S.A. es importante, pero estar sin ellos no nos convierte en v\u00edctimas de todo ni h\u00e9roes de nada; simplemente, que cada quien haga lo\u00a0 que le corresponde hacer.<br \/>\u00a0<br \/>En esta guerra de declaraciones entre los Presidentes de M\u00e9xico y Estados Unidos, no se trata de hacer fiesta de ello, ni tampoco convertirlo en un show pol\u00edtico; es una situaci\u00f3n seria y por ello no se trata de que quien se r\u00eda pierde.<br \/>\u00a0<br \/>Es momento de hacer un alto en el camino y sin la soberbia que todo lo destruye o las tendencias pol\u00edticas que tradicionalmente defendemos, debemos cerrar filas en torno al Jefe de Estado, pues al final es qui\u00e9n debe, con energ\u00eda, dejar patente nuestra exigencia de recuperar el principio de pueblo soberano y no de pueblo sometido.<br \/>\u00a0<br \/>A\u00fan no es el momento de desgarrarnos las vestiduras ante la beligerante actitud del innombrable norteamericano, \u00bfque se nos ha agraviando con sus dichos y hechos?, eso ni duda cabe; pero para ello, el derecho internacional cuenta con las herramientas necesarias para la distenci\u00f3n de los conflictos.<br \/>\u00a0<br \/>Pero sirva tambi\u00e9n esta coyuntura para analizar qu\u00e9 es lo que dejamos de hacer y que nos coloc\u00f3 en la situaci\u00f3n en la que hoy nos encontramos; la crisis es y ser\u00e1 dura, pero nuestra voluntad de aprender debe ser todav\u00eda m\u00e1s dura para no seguir errando.<br \/>\u00a0<br \/>Que nada nos distraiga, sigamos nuestro camino, paso a paso, un ladrillo a la vez, construyamos nuestro propio muro de dignidad, pero con puertas siempre abiertas al di\u00e1logo pero con respeto mutuo. Estos tiempos son tiempos de oportunidades, no lo dejemos escapar.<br \/>\u00a0<br \/>Las palabras se las lleva el viento, pero mi pensamiento escrito est\u00e1.<br \/>\u00a0<br \/>Miguel Rosales P\u00e9rez<br \/>\u00a0<\/p>\n","protected":false},"excerpt":{"rendered":"<p>No es tiempo de agarrarnos desesperadamente la cabeza y pensar que estamos de la trump\u2026ada, mejor agarremos nuestra cal y arena y empecemos a construir nuestras propias oportunidades.<\/p>\n","protected":false},"author":93,"featured_media":0,"comment_status":"open","ping_status":"open","sticky":false,"template":"","format":"standard","meta":{"footnotes":""},"categories":[51],"tags":[],"class_list":["post-35987","post","type-post","status-publish","format-standard","hentry","category-miguel-rosales"],"_links":{"self":[{"href":"https:\/\/plazajuarez.mx\/historico\/wp-json\/wp\/v2\/posts\/35987","targetHints":{"allow":["GET"]}}],"collection":[{"href":"https:\/\/plazajuarez.mx\/historico\/wp-json\/wp\/v2\/posts"}],"about":[{"href":"https:\/\/plazajuarez.mx\/historico\/wp-json\/wp\/v2\/types\/post"}],"author":[{"embeddable":true,"href":"https:\/\/plazajuarez.mx\/historico\/wp-json\/wp\/v2\/users\/93"}],"replies":[{"embeddable":true,"href":"https:\/\/plazajuarez.mx\/historico\/wp-json\/wp\/v2\/comments?post=35987"}],"version-history":[{"count":0,"href":"https:\/\/plazajuarez.mx\/historico\/wp-json\/wp\/v2\/posts\/35987\/revisions"}],"wp:attachment":[{"href":"https:\/\/plazajuarez.mx\/historico\/wp-json\/wp\/v2\/media?parent=35987"}],"wp:term":[{"taxonomy":"category","embeddable":true,"href":"https:\/\/plazajuarez.mx\/historico\/wp-json\/wp\/v2\/categories?post=35987"},{"taxonomy":"post_tag","embeddable":true,"href":"https:\/\/plazajuarez.mx\/historico\/wp-json\/wp\/v2\/tags?post=35987"}],"curies":[{"name":"wp","href":"https:\/\/api.w.org\/{rel}","templated":true}]}}