{"id":35986,"date":"2017-02-05T06:29:54","date_gmt":"2017-02-05T06:29:54","guid":{"rendered":"http:\/\/plazajuarez.mx\/index\/index.php\/2017\/02\/05\/la-mirada\/"},"modified":"2020-04-14T19:58:52","modified_gmt":"2020-04-14T19:58:52","slug":"la-mirada","status":"publish","type":"post","link":"https:\/\/plazajuarez.mx\/historico\/la-mirada\/","title":{"rendered":"La Mirada"},"content":{"rendered":"<p>RELATOS DE VIDA<\/p>\n<p>  <!--more-->  <\/p>\n<p>Hab\u00eda terminado temprano las labores del d\u00eda, la ropa reci\u00e9n lavada estaba colgada en los tendederos, los trastes completamente lavados, los juguetes recogidos, los pisos limpios, los ni\u00f1os ba\u00f1ados y ya acostados.<br \/>Dio un recorrido por la casa para verificar que las llaves del gas estuvieran cerradas y no hubiera cables conectados, apag\u00f3 las televisiones, arrop\u00f3, persign\u00f3 y bes\u00f3 a sus peque\u00f1os, y satisfecha con haber terminado con las tareas se dispuso a descansar.<br \/>Pas\u00f3 un buen rato antes de poder dormir, sus ojos estaban cerrados, pero su mente a\u00fan trabajaba pensando en los quehaceres y pendientes del d\u00eda siguiente, organizando sus tiempos y tambi\u00e9n el dinero.<br \/>Dio un par de vueltas m\u00e1s sobre su cama, se levant\u00f3 para ir al ba\u00f1o, dar un vistazo m\u00e1s al cuarto de los ni\u00f1os para volverlos a cobijar, se puso una sudadera y unos calcetines, y nuevamente se acost\u00f3 con la esperanza de ya poder dormir.<br \/>Lo estaba consiguiendo, su mente por fin estaba en blanco, pero instantes despu\u00e9s sinti\u00f3 algo o alguien a sus espaldas, era una presencia, alguien la observaba, la adrenalina convertida en miedo le imped\u00eda voltear, solo jal\u00f3 las cobijas hasta lograr cubrir su cabeza, creyendo que con esta acci\u00f3n dejar\u00eda de pensar en la sensaci\u00f3n.<br \/>No obstante la impresi\u00f3n de ser observada no desapareci\u00f3; en eso record\u00f3 haber visto en la red social, un supuesto estudio que se\u00f1alaba que cerca de las tres de la ma\u00f1ana, esta experiencia podr\u00eda ser vivida por algunas personas y se deb\u00eda a que en verdad alg\u00fan ente \u201cdel m\u00e1s all\u00e1\u201d estaba presente; as\u00ed que el miedo increment\u00f3.<br \/>Finalmente, se arm\u00f3 de valor, respir\u00f3 profundo y decidi\u00f3 voltear pese a las consecuencias que podr\u00edan pasar al verificar que lo que dec\u00eda la investigaci\u00f3n era verdad; y al momento de quitar las cobijas e incorporarse de la cama; la impresi\u00f3n baj\u00f3 de tonalidad al escuchar \u201cmami tengo fr\u00edo\u201d, su hija se encontraba parada a un costado de la cama.<br \/>Despu\u00e9s de respirar solo pregunt\u00f3 &#8211; \u00bfCu\u00e1nto tiempo tiene que est\u00e1s ah\u00ed? \u00bfPor qu\u00e9 no me despertaste?- la peque\u00f1a de forma inocente respondi\u00f3 \u2013 No quer\u00eda espantarte- Se levant\u00f3 y la abraz\u00f3, gui\u00e1ndola hacia su cama, hizo que se pusiera un su\u00e9ter, la acomod\u00f3 en su cama y le coloc\u00f3 una frazada m\u00e1s.<br \/>Nuevamente la persign\u00f3, le dio un beso y le sugiri\u00f3 \u2013 Si necesitas algo, por favor ll\u00e1mame, porque a la otra que te pares as\u00ed te dar\u00e9 con el cintur\u00f3n.<\/p>\n","protected":false},"excerpt":{"rendered":"<p>RELATOS DE VIDA<\/p>\n","protected":false},"author":73,"featured_media":0,"comment_status":"open","ping_status":"open","sticky":false,"template":"","format":"standard","meta":{"footnotes":""},"categories":[42,85],"tags":[],"class_list":["post-35986","post","type-post","status-publish","format-standard","hentry","category-nuestrapalabra","category-relatos"],"_links":{"self":[{"href":"https:\/\/plazajuarez.mx\/historico\/wp-json\/wp\/v2\/posts\/35986","targetHints":{"allow":["GET"]}}],"collection":[{"href":"https:\/\/plazajuarez.mx\/historico\/wp-json\/wp\/v2\/posts"}],"about":[{"href":"https:\/\/plazajuarez.mx\/historico\/wp-json\/wp\/v2\/types\/post"}],"author":[{"embeddable":true,"href":"https:\/\/plazajuarez.mx\/historico\/wp-json\/wp\/v2\/users\/73"}],"replies":[{"embeddable":true,"href":"https:\/\/plazajuarez.mx\/historico\/wp-json\/wp\/v2\/comments?post=35986"}],"version-history":[{"count":0,"href":"https:\/\/plazajuarez.mx\/historico\/wp-json\/wp\/v2\/posts\/35986\/revisions"}],"wp:attachment":[{"href":"https:\/\/plazajuarez.mx\/historico\/wp-json\/wp\/v2\/media?parent=35986"}],"wp:term":[{"taxonomy":"category","embeddable":true,"href":"https:\/\/plazajuarez.mx\/historico\/wp-json\/wp\/v2\/categories?post=35986"},{"taxonomy":"post_tag","embeddable":true,"href":"https:\/\/plazajuarez.mx\/historico\/wp-json\/wp\/v2\/tags?post=35986"}],"curies":[{"name":"wp","href":"https:\/\/api.w.org\/{rel}","templated":true}]}}