{"id":35868,"date":"2017-02-03T13:26:14","date_gmt":"2017-02-03T13:26:14","guid":{"rendered":"http:\/\/plazajuarez.mx\/index\/index.php\/2017\/02\/03\/futbol-nacional-639\/"},"modified":"2017-02-03T13:26:14","modified_gmt":"2017-02-03T13:26:14","slug":"futbol-nacional-639","status":"publish","type":"post","link":"https:\/\/plazajuarez.mx\/historico\/futbol-nacional-639\/","title":{"rendered":"Futbol Nacional"},"content":{"rendered":"<p>AM\u00c9RICA <br \/>La Volpe marcha peor que Ambriz<br \/>-El \u201cBigot\u00f3n\u201d, tras el campeonato en donde coloc\u00f3 a las \u00c1guilas en el cuarto lugar en diciembre de 2016, ha obtenido en los cinco encuentros posteriores, dos celebraciones y tres derrotas<\/p>\n<p>  <!--more-->  <\/p>\n<p>Despu\u00e9s del Mundial de Clubes, Ricardo La Volpe ha sufrido para mantener en el camino del \u00e9xito al Am\u00e9rica. Incluso, tiene peores n\u00fameros que Ignacio Ambriz, luego de volver de Jap\u00f3n.<br \/>Nacho, en los primeros cinco juegos posteriores al llamado \u201cMundialito\u201d de 2015 \u2014todos de Liga\u2014, obtuvo tres triunfos, una igualada y un descalabro.<br \/>El \u201cBigot\u00f3n\u201d, tras el campeonato en donde coloc\u00f3 a las \u00c1guilas en el cuarto lugar en diciembre de 2016, ha obtenido, en los cinco encuentros posteriores, dos celebraciones y tres derrotas.<br \/>Contraste que se ahonda en el terreno de la diferencia de goles. Los americanistas comandados por Ambriz en el amanecer del Clausura 2016 aceptaron cuatro dianas por ocho a favor; los de La Volpe han aceptado 11 por nueve anotados.<br \/>Las luces de alarmas comenzaron a encenderse cuando el resultado ante Coras, equipo de la Liga de Ascenso, fue de derrota para los emplumados, por la Copa MX.<br \/>La Volpe justific\u00f3 la ca\u00edda a la ausencia de contundencia mostrada por sus pupilos.<br \/>\u201cUn equipo grande no tiene que buscar el gol cuando va perdiendo, Am\u00e9rica lo busc\u00f3 desde que el partido iba 0-0, los primeros minutos estuvimos bien parados, dejamos ir jugadas claras. Si no concretas pasa lo que nos sucedi\u00f3\u201d, dijo el timonel argentino en Tepic.<br \/>Los detractores del seleccionador mexicano en Alemania 2006 han hecho su aparici\u00f3n y han denunciado en los \u00faltimos d\u00edas las fallas lavolpistas en el cuadro azulcrema.<br \/>\u201cEs una mentira [la estrategia de La Volpe]. Su estilo no ha sido funcional para ning\u00fan equipo. Nunca ha sido ofensivo con esa l\u00ednea de cinco, porque todos parecen robots\u201d, expres\u00f3 el \u00eddolo de la d\u00e9cada de los 80, Antonio Carlos Santos.<br \/>El brasile\u00f1o aludi\u00f3 a la sequ\u00eda de t\u00edtulos conseguidos por el actual t\u00e9cnico del Am\u00e9rica que data de la temporada 1992-93 (Atlante).<br \/>Luis Roberto Alves ha observado a unas \u00c1guilas que no han desplegado un f\u00fatbol ofensivo como el que pregona el llamado lavolpismo.<br \/>*******************************************************************<\/p>\n<p>CRUZ AZUL <br \/>Cauteruccio quiere seguir pasos de \u201cLoco\u201d Abreu<br \/>&#8211; En este momento \u201cCaute\u201d, como le dicen en Argentina, ha disputado dos partidos en la Liga MX y no ha conseguido anotaci\u00f3n<\/p>\n<p>La vara est\u00e1 muy alta para Mart\u00edn Cauteruccio. El artillero charr\u00faa intentar\u00e1 emular a su paisano Sebasti\u00e1n Abreu, quien en el Verano 2002 sali\u00f3 campe\u00f3n de goleo con la M\u00e1quina del Cruz Azul en su primera campa\u00f1a.<br \/>\u201cEl Loco\u201d lleg\u00f3 al feudo celeste para el Verano 2002 y se levant\u00f3 con el t\u00edtulo de goleo con 19 dianas, pero en el Clausura 2003 sali\u00f3 de la instituci\u00f3n, cuando la directiva le rescindi\u00f3 el contrato a todos sus jugadores por bajo rendimiento.<br \/>En este momento \u201cCaute\u201d, como le dicen en Argentina, ha disputado dos partidos en la Liga MX y no ha conseguido anotaci\u00f3n, sin embargo, en su debut en M\u00e9xico meti\u00f3 un tanto ante Quer\u00e9taro, pero fue en la jornada uno de la Copa MX.<br \/>Un charr\u00faa que fracas\u00f3 en el intento de alcanzar la haza\u00f1a de Abreu fue Richard N\u00fa\u00f1ez. El delantero lleg\u00f3 a Cruz Azul para el Apertura 2005. Debut\u00f3 ante Estudiantes Tecos y meti\u00f3 cuatro tantos en ese duelo inaugural, pero en los siguientes 11 que disput\u00f3 se fue en blanco.<br \/>Entonces fue cedido al Pachuca seis meses, donde sali\u00f3 campe\u00f3n y con ese cartel regres\u00f3 a La M\u00e1quina para jugar tres torneos m\u00e1s, estuvo en 46 partidos y meti\u00f3 17 tantos entre los tres cert\u00e1menes ligueros.<\/p>\n","protected":false},"excerpt":{"rendered":"<p>AM\u00c9RICA La Volpe marcha peor que Ambriz-El \u201cBigot\u00f3n\u201d, tras el campeonato en donde coloc\u00f3 a las \u00c1guilas en el cuarto lugar en diciembre de 2016, ha obtenido en los cinco encuentros posteriores, dos celebraciones y tres derrotas<\/p>\n","protected":false},"author":93,"featured_media":0,"comment_status":"open","ping_status":"open","sticky":false,"template":"","format":"standard","meta":{"footnotes":""},"categories":[39],"tags":[],"class_list":["post-35868","post","type-post","status-publish","format-standard","hentry","category-deportiva"],"_links":{"self":[{"href":"https:\/\/plazajuarez.mx\/historico\/wp-json\/wp\/v2\/posts\/35868","targetHints":{"allow":["GET"]}}],"collection":[{"href":"https:\/\/plazajuarez.mx\/historico\/wp-json\/wp\/v2\/posts"}],"about":[{"href":"https:\/\/plazajuarez.mx\/historico\/wp-json\/wp\/v2\/types\/post"}],"author":[{"embeddable":true,"href":"https:\/\/plazajuarez.mx\/historico\/wp-json\/wp\/v2\/users\/93"}],"replies":[{"embeddable":true,"href":"https:\/\/plazajuarez.mx\/historico\/wp-json\/wp\/v2\/comments?post=35868"}],"version-history":[{"count":0,"href":"https:\/\/plazajuarez.mx\/historico\/wp-json\/wp\/v2\/posts\/35868\/revisions"}],"wp:attachment":[{"href":"https:\/\/plazajuarez.mx\/historico\/wp-json\/wp\/v2\/media?parent=35868"}],"wp:term":[{"taxonomy":"category","embeddable":true,"href":"https:\/\/plazajuarez.mx\/historico\/wp-json\/wp\/v2\/categories?post=35868"},{"taxonomy":"post_tag","embeddable":true,"href":"https:\/\/plazajuarez.mx\/historico\/wp-json\/wp\/v2\/tags?post=35868"}],"curies":[{"name":"wp","href":"https:\/\/api.w.org\/{rel}","templated":true}]}}