{"id":35864,"date":"2017-02-03T13:21:36","date_gmt":"2017-02-03T13:21:36","guid":{"rendered":"http:\/\/plazajuarez.mx\/index\/index.php\/2017\/02\/03\/tragedia-por-voraz-incendio-en-vivienda\/"},"modified":"2017-02-03T13:21:36","modified_gmt":"2017-02-03T13:21:36","slug":"tragedia-por-voraz-incendio-en-vivienda","status":"publish","type":"post","link":"https:\/\/plazajuarez.mx\/historico\/tragedia-por-voraz-incendio-en-vivienda\/","title":{"rendered":"TRAGEDIA POR VORAZ INCENDIO EN VIVIENDA"},"content":{"rendered":"<p>EN TIZAYUCA<\/p>\n<p>  <!--more-->  <\/p>\n<p>Una tragedia que cobr\u00f3 una vida humana tuvo lugar la noche del pasado mi\u00e9rcoles en Tizayuca, donde se registr\u00f3 voraz incendio, que provoc\u00f3 la inmediata movilizaci\u00f3n de efectivos polic\u00edacos, de bomberos y rescatistas.<br \/>Reportes refieren que \u00e9l siniestro se registr\u00f3 en inmediaciones de la colonia L\u00e1zaro C\u00e1rdenas de Tizayuca, presuntamente porque en el domicilio colapsado sus moradores almacenaban combustible de dudosa procedencia.<br \/>Trascendi\u00f3 que el incendi\u00f3 tom\u00f3 proporciones desmesuradas y que las llamas amenazaban con propagarse peligrosamente, por lo que al lugar acudieron rescatistas con equipo sofisticado contra incendios y que se requiri\u00f3 de apoyo de bomberos de los municipios circunvecinos para sofocar las intensas flamas que alarmaron a los vecinos de la colonia antes descrita.<br \/>En el lugar se dio a conocer que los bomberos y rescatistas lograron el rescate de un ni\u00f1o de 13 a\u00f1os de edad, quien se encontraba en el interior la vivienda siniestrada y por las graves heridas que present\u00f3 fue necesario trasladarlo de emergencia a un hospital, desafortunadamente minutos m\u00e1s tarde se inform\u00f3 que falleci\u00f3 al ingresar al nosocomio.<\/p>\n","protected":false},"excerpt":{"rendered":"<p>EN TIZAYUCA<\/p>\n","protected":false},"author":93,"featured_media":0,"comment_status":"open","ping_status":"open","sticky":false,"template":"","format":"standard","meta":{"footnotes":""},"categories":[37],"tags":[],"class_list":["post-35864","post","type-post","status-publish","format-standard","hentry","category-barandilla"],"_links":{"self":[{"href":"https:\/\/plazajuarez.mx\/historico\/wp-json\/wp\/v2\/posts\/35864","targetHints":{"allow":["GET"]}}],"collection":[{"href":"https:\/\/plazajuarez.mx\/historico\/wp-json\/wp\/v2\/posts"}],"about":[{"href":"https:\/\/plazajuarez.mx\/historico\/wp-json\/wp\/v2\/types\/post"}],"author":[{"embeddable":true,"href":"https:\/\/plazajuarez.mx\/historico\/wp-json\/wp\/v2\/users\/93"}],"replies":[{"embeddable":true,"href":"https:\/\/plazajuarez.mx\/historico\/wp-json\/wp\/v2\/comments?post=35864"}],"version-history":[{"count":0,"href":"https:\/\/plazajuarez.mx\/historico\/wp-json\/wp\/v2\/posts\/35864\/revisions"}],"wp:attachment":[{"href":"https:\/\/plazajuarez.mx\/historico\/wp-json\/wp\/v2\/media?parent=35864"}],"wp:term":[{"taxonomy":"category","embeddable":true,"href":"https:\/\/plazajuarez.mx\/historico\/wp-json\/wp\/v2\/categories?post=35864"},{"taxonomy":"post_tag","embeddable":true,"href":"https:\/\/plazajuarez.mx\/historico\/wp-json\/wp\/v2\/tags?post=35864"}],"curies":[{"name":"wp","href":"https:\/\/api.w.org\/{rel}","templated":true}]}}