{"id":35861,"date":"2017-02-03T13:20:32","date_gmt":"2017-02-03T13:20:32","guid":{"rendered":"http:\/\/plazajuarez.mx\/index\/index.php\/2017\/02\/03\/policias-detenidos-por-secuestros\/"},"modified":"2017-02-03T13:20:32","modified_gmt":"2017-02-03T13:20:32","slug":"policias-detenidos-por-secuestros","status":"publish","type":"post","link":"https:\/\/plazajuarez.mx\/historico\/policias-detenidos-por-secuestros\/","title":{"rendered":"POLIC\u00cdAS DETENIDOS POR SECUESTROS"},"content":{"rendered":"<p>EN JALISCO<\/p>\n<p>  <!--more-->  <\/p>\n<p>Ayer se inform\u00f3 de manera oficial que ante este caso, la Fiscal\u00eda y el Ayuntamiento de Tlajomulco acordaron implementar a la brevedad mejores medidas operativas y pol\u00edticas p\u00fablicas en la materia de criminalidad<br \/>Ayer se inform\u00f3 que por estar presuntamente vinculados con la muerte de dos hombres, la Fiscal\u00eda de Jalisco detuvo a dos polic\u00edas municipales en activo del municipio de Tlajomulco.<br \/>El fiscal Eduardo Almaguer se\u00f1al\u00f3 que el caso comenz\u00f3 a investigarse el 27 de enero, cuando se encontraron los cuerpos de las v\u00edctimas, de 23 a\u00f1os y 33 a\u00f1os, en el camino al rancho Los Tres Gallos, en la colonia Arvento de Tlajomulco.<br \/>Se\u00f1al\u00f3 que con el apoyo del gobierno municipal se logr\u00f3 saber que las v\u00edctimas fueron privadas de su libertad previamente por los elementos de la polic\u00eda municipal Jaziel \u201cN\u201d y Eduardo \u201cN\u201d, quienes despu\u00e9s los entregaron a sicarios de un grupo delictivo.<br \/>\u201cUna vez integrada la carpeta de investigaci\u00f3n y recabados los indicios, el agente del Ministerio P\u00fablico solicit\u00f3 una orden de aprehensi\u00f3n por los delitos de homicidio calificado y abuso de autoridad en contra de Jaziel \u201cN\u201d y Eduardo \u201cN\u201d, misma que fue concedida por el Juez de Control y Oralidad en donde una vez detenidos quedaron a disposici\u00f3n, y en audiencia el Juez les dict\u00f3 prisi\u00f3n preventiva\u201d, indic\u00f3 el fiscal.<br \/>Por su parte, el presidente municipal Alberto Uribe Camacho dio a conocer que se desarrollar\u00e1n varias estrategias con la 15 Zona Militar y la Fiscal\u00eda General, entre estas, la instalaci\u00f3n de c\u00e1maras de seguridad en varios puntos del municipio en donde se tienen registrados mayor incidencia delictiva.<\/p>\n","protected":false},"excerpt":{"rendered":"<p>EN JALISCO<\/p>\n","protected":false},"author":93,"featured_media":0,"comment_status":"open","ping_status":"open","sticky":false,"template":"","format":"standard","meta":{"footnotes":""},"categories":[37],"tags":[],"class_list":["post-35861","post","type-post","status-publish","format-standard","hentry","category-barandilla"],"_links":{"self":[{"href":"https:\/\/plazajuarez.mx\/historico\/wp-json\/wp\/v2\/posts\/35861","targetHints":{"allow":["GET"]}}],"collection":[{"href":"https:\/\/plazajuarez.mx\/historico\/wp-json\/wp\/v2\/posts"}],"about":[{"href":"https:\/\/plazajuarez.mx\/historico\/wp-json\/wp\/v2\/types\/post"}],"author":[{"embeddable":true,"href":"https:\/\/plazajuarez.mx\/historico\/wp-json\/wp\/v2\/users\/93"}],"replies":[{"embeddable":true,"href":"https:\/\/plazajuarez.mx\/historico\/wp-json\/wp\/v2\/comments?post=35861"}],"version-history":[{"count":0,"href":"https:\/\/plazajuarez.mx\/historico\/wp-json\/wp\/v2\/posts\/35861\/revisions"}],"wp:attachment":[{"href":"https:\/\/plazajuarez.mx\/historico\/wp-json\/wp\/v2\/media?parent=35861"}],"wp:term":[{"taxonomy":"category","embeddable":true,"href":"https:\/\/plazajuarez.mx\/historico\/wp-json\/wp\/v2\/categories?post=35861"},{"taxonomy":"post_tag","embeddable":true,"href":"https:\/\/plazajuarez.mx\/historico\/wp-json\/wp\/v2\/tags?post=35861"}],"curies":[{"name":"wp","href":"https:\/\/api.w.org\/{rel}","templated":true}]}}