{"id":35860,"date":"2017-02-03T13:20:07","date_gmt":"2017-02-03T13:20:07","guid":{"rendered":"http:\/\/plazajuarez.mx\/index\/index.php\/2017\/02\/03\/desalojaron-torre-y-detienen-a-empresarios-por-reclamar-pagos\/"},"modified":"2017-02-03T13:20:07","modified_gmt":"2017-02-03T13:20:07","slug":"desalojaron-torre-y-detienen-a-empresarios-por-reclamar-pagos","status":"publish","type":"post","link":"https:\/\/plazajuarez.mx\/historico\/desalojaron-torre-y-detienen-a-empresarios-por-reclamar-pagos\/","title":{"rendered":"DESALOJARON TORRE Y DETIENEN A EMPRESARIOS POR RECLAMAR PAGOS"},"content":{"rendered":"<p>EN CHIAPAS<\/p>\n<p>  <!--more-->  <\/p>\n<p>De acuerdo con la carpeta de investigaci\u00f3n 0018-101-2001-2017, iniciada por el delito de \u201cdespojo\u201d, el 23 de enero unos 200 manifestantes ingresaron de \u201cmanera violenta al lugar<br \/>Polic\u00edas estatales desalojaron de la Torre Chiapas a un grupo de empresarios que reclamaba al gobierno pago de deuda de 199 millones de pesos. En el operativo detuvieron a varios manifestantes incluido el dirigente Rafael Jim\u00e9nez Arechar a quienes ingresaron al centro penitenciario El Amate.<br \/>Los detenidos, integrantes de la organizaci\u00f3n Empresarios Chiapas Organizados, acusados de despojo agravado tras haber permanecido con sus campamentos en el patio interior del inmueble que alberga oficinas de los tres niveles de gobierno.<br \/>Procuradur\u00eda General de Justicia inform\u00f3 que fueron arrestados adem\u00e1s de Jim\u00e9nez Arechar, Jorge Ricardo \u201cN\u201d, \u00d3scar Alfonso \u201cN\u201d, Luis Armando \u201cN\u201d, Sayi Yazm\u00edn \u201cN\u201d y Mercedes del Carmen \u201cN\u201d, as\u00ed como 57 personas m\u00e1s a quienes se les recabar\u00e1 su declaraci\u00f3n ministerial respecto de la indagatoria de los hechos.<br \/>En un comunicado, la dependencia indic\u00f3 que el operativo para \u201crecuperar\u201d el inmueble deriv\u00f3 de una denuncia interpuesta por la representante legal de la sociedad operadora de la Torre Chiapas. <br \/>\u201cEl grupo invasor reclama una serie de adeudos por parte del gobierno del estado, instancia que ha ofrecido una mesa de di\u00e1logo para atender este tema\u201d, argument\u00f3.<br \/>El fiscal especializado Adulfo Chac\u00f3n Ruiz se\u00f1al\u00f3 en el comunicado que los casos que no han sido pagados es porque en \u00e9stos se observaron \u201cserias irregularidades, pues en algunos casos las facturas presentan sobreprecios, no cuentan con contratos y pedidos, actas de adjudicaci\u00f3n\u201d.<\/p>\n","protected":false},"excerpt":{"rendered":"<p>EN CHIAPAS<\/p>\n","protected":false},"author":93,"featured_media":0,"comment_status":"open","ping_status":"open","sticky":false,"template":"","format":"standard","meta":{"footnotes":""},"categories":[37],"tags":[],"class_list":["post-35860","post","type-post","status-publish","format-standard","hentry","category-barandilla"],"_links":{"self":[{"href":"https:\/\/plazajuarez.mx\/historico\/wp-json\/wp\/v2\/posts\/35860","targetHints":{"allow":["GET"]}}],"collection":[{"href":"https:\/\/plazajuarez.mx\/historico\/wp-json\/wp\/v2\/posts"}],"about":[{"href":"https:\/\/plazajuarez.mx\/historico\/wp-json\/wp\/v2\/types\/post"}],"author":[{"embeddable":true,"href":"https:\/\/plazajuarez.mx\/historico\/wp-json\/wp\/v2\/users\/93"}],"replies":[{"embeddable":true,"href":"https:\/\/plazajuarez.mx\/historico\/wp-json\/wp\/v2\/comments?post=35860"}],"version-history":[{"count":0,"href":"https:\/\/plazajuarez.mx\/historico\/wp-json\/wp\/v2\/posts\/35860\/revisions"}],"wp:attachment":[{"href":"https:\/\/plazajuarez.mx\/historico\/wp-json\/wp\/v2\/media?parent=35860"}],"wp:term":[{"taxonomy":"category","embeddable":true,"href":"https:\/\/plazajuarez.mx\/historico\/wp-json\/wp\/v2\/categories?post=35860"},{"taxonomy":"post_tag","embeddable":true,"href":"https:\/\/plazajuarez.mx\/historico\/wp-json\/wp\/v2\/tags?post=35860"}],"curies":[{"name":"wp","href":"https:\/\/api.w.org\/{rel}","templated":true}]}}