{"id":35859,"date":"2017-02-03T13:15:30","date_gmt":"2017-02-03T13:15:30","guid":{"rendered":"http:\/\/plazajuarez.mx\/index\/index.php\/2017\/02\/03\/defensa-de-la-soberania-mi-conviccion-pena-nieto\/"},"modified":"2017-02-03T13:15:30","modified_gmt":"2017-02-03T13:15:30","slug":"defensa-de-la-soberania-mi-conviccion-pena-nieto","status":"publish","type":"post","link":"https:\/\/plazajuarez.mx\/historico\/defensa-de-la-soberania-mi-conviccion-pena-nieto\/","title":{"rendered":"Defensa de la soberan\u00eda, mi convicci\u00f3n: Pe\u00f1a Nieto"},"content":{"rendered":"<p>Reuni\u00f3n con el Consejo Nacional Agropecuario<\/p>\n<p>  <!--more-->  <\/p>\n<p>Asegur\u00f3 que siempre ha defendido la soberan\u00eda<br \/>Frente a la nueva pol\u00e9mica surgida a partir del contenido de la llamada de la semana pasada con Donald Trump, el presidente Pe\u00f1a Nieto dijo que M\u00e9xico siempre se ha distinguido ante el mundo por actuar bajo formas correctas dentro del \u00e1mbito diplom\u00e1tico, siempre en amplio respeto a los otros pa\u00edses &#8220;y al mismo tiempo, exigiendo respeto para con nosotros, no tengan duda&#8221;.<br \/>Pidi\u00f3 no dudar en que adem\u00e1s de ser una obligaci\u00f3n constitucional, tambi\u00e9n es su convicci\u00f3n &#8220;defender invariablemente la soberan\u00eda del pa\u00eds, la dignidad de los mexicanos y los intereses de M\u00e9xico&#8221;.<br \/>Reunido con los integrantes del Consejo Nacional Agropecuario (CNA), Pe\u00f1a Nieto no mencion\u00f3 directamente las versiones que han circulado los dos \u00faltimos d\u00edas, respecto a que en la llamada con Trump del viernes pasado \u00e9ste habr\u00eda que dicho que enviar\u00eda tropas de EU a territorio mexicano.<br \/>Pero en su mensaje, el jefe del Ejecutivo insisti\u00f3 en que \u00e9l se mantiene &#8220;inc\u00f3lume e invariable&#8221; en su posici\u00f3n de defensa de los intereses nacionales y de la soberan\u00eda. Y bajo esos principios actuar\u00e1 tambi\u00e9n al llevar a cabo cualquier acuerdo, tratado o negociaci\u00f3n &#8220;con EU o cualquier otro pa\u00eds&#8221;.<br \/>Dijo asumir es tarea con enorme entusiasmo y convicci\u00f3n, &#8220;porque es un privilegio ser presidente de M\u00e9xico y, m\u00e1s privilegio a\u00fan, velar por los intereses de los mexicanos&#8221;.<\/p>\n","protected":false},"excerpt":{"rendered":"<p>Reuni\u00f3n con el Consejo Nacional Agropecuario<\/p>\n","protected":false},"author":93,"featured_media":0,"comment_status":"open","ping_status":"open","sticky":false,"template":"","format":"standard","meta":{"footnotes":""},"categories":[36],"tags":[],"class_list":["post-35859","post","type-post","status-publish","format-standard","hentry","category-nacion"],"_links":{"self":[{"href":"https:\/\/plazajuarez.mx\/historico\/wp-json\/wp\/v2\/posts\/35859","targetHints":{"allow":["GET"]}}],"collection":[{"href":"https:\/\/plazajuarez.mx\/historico\/wp-json\/wp\/v2\/posts"}],"about":[{"href":"https:\/\/plazajuarez.mx\/historico\/wp-json\/wp\/v2\/types\/post"}],"author":[{"embeddable":true,"href":"https:\/\/plazajuarez.mx\/historico\/wp-json\/wp\/v2\/users\/93"}],"replies":[{"embeddable":true,"href":"https:\/\/plazajuarez.mx\/historico\/wp-json\/wp\/v2\/comments?post=35859"}],"version-history":[{"count":0,"href":"https:\/\/plazajuarez.mx\/historico\/wp-json\/wp\/v2\/posts\/35859\/revisions"}],"wp:attachment":[{"href":"https:\/\/plazajuarez.mx\/historico\/wp-json\/wp\/v2\/media?parent=35859"}],"wp:term":[{"taxonomy":"category","embeddable":true,"href":"https:\/\/plazajuarez.mx\/historico\/wp-json\/wp\/v2\/categories?post=35859"},{"taxonomy":"post_tag","embeddable":true,"href":"https:\/\/plazajuarez.mx\/historico\/wp-json\/wp\/v2\/tags?post=35859"}],"curies":[{"name":"wp","href":"https:\/\/api.w.org\/{rel}","templated":true}]}}