{"id":35858,"date":"2017-02-03T13:18:18","date_gmt":"2017-02-03T13:18:18","guid":{"rendered":"http:\/\/plazajuarez.mx\/index\/index.php\/2017\/02\/03\/embajador-ofrece-disculpas-por-malentendido\/"},"modified":"2017-02-03T13:18:18","modified_gmt":"2017-02-03T13:18:18","slug":"embajador-ofrece-disculpas-por-malentendido","status":"publish","type":"post","link":"https:\/\/plazajuarez.mx\/historico\/embajador-ofrece-disculpas-por-malentendido\/","title":{"rendered":"Embajador ofrece disculpas por \u201cmalentendido\u201d"},"content":{"rendered":"<p>El embajador de Israel en M\u00e9xico Jonathan Peled, ofreci\u00f3 una disculpa en la C\u00e1mara de Diputados por el \u201cmalentendido y desafortunado acontecimiento\u201d derivado del tuit que en d\u00edas pasados emiti\u00f3 el primer ministro israel\u00ed, Benjam\u00edn Netanyahu, en torno al muro anunciado por Donald Trump.<\/p>\n<p>  <!--more-->  <\/p>\n<p>Dijo que la conversaci\u00f3n sostenida por el presidente Enrique Pe\u00f1a Nieto y el presidente de Israel Reuven Rivlin hace dos d\u00edas \u201ces reflejo justamente de que esta amistad puede superar cualquier diferencia y malentendido y cualquier error en entender los sentimientos entre uno y otro\u201d pa\u00eds.<br \/>Peled se\u00f1al\u00f3 que no pod\u00eda dejar pasar los acontecimientos de los d\u00edas recientes en la relaci\u00f3n bilateral. \u201cSi me ven algo cansado es por algo. Quiero volver a destacar la estrecha y profunda relaci\u00f3n de amistad y cercan\u00eda que tiene el pueblo de Israel con el pueblo mexicano\u201d.<\/p>\n","protected":false},"excerpt":{"rendered":"<p>El embajador de Israel en M\u00e9xico Jonathan Peled, ofreci\u00f3 una disculpa en la C\u00e1mara de Diputados por el \u201cmalentendido y desafortunado acontecimiento\u201d derivado del tuit que en d\u00edas pasados emiti\u00f3 el primer ministro israel\u00ed, Benjam\u00edn Netanyahu, en torno al muro anunciado por Donald Trump.<\/p>\n","protected":false},"author":93,"featured_media":0,"comment_status":"open","ping_status":"open","sticky":false,"template":"","format":"standard","meta":{"footnotes":""},"categories":[36],"tags":[],"class_list":["post-35858","post","type-post","status-publish","format-standard","hentry","category-nacion"],"_links":{"self":[{"href":"https:\/\/plazajuarez.mx\/historico\/wp-json\/wp\/v2\/posts\/35858","targetHints":{"allow":["GET"]}}],"collection":[{"href":"https:\/\/plazajuarez.mx\/historico\/wp-json\/wp\/v2\/posts"}],"about":[{"href":"https:\/\/plazajuarez.mx\/historico\/wp-json\/wp\/v2\/types\/post"}],"author":[{"embeddable":true,"href":"https:\/\/plazajuarez.mx\/historico\/wp-json\/wp\/v2\/users\/93"}],"replies":[{"embeddable":true,"href":"https:\/\/plazajuarez.mx\/historico\/wp-json\/wp\/v2\/comments?post=35858"}],"version-history":[{"count":0,"href":"https:\/\/plazajuarez.mx\/historico\/wp-json\/wp\/v2\/posts\/35858\/revisions"}],"wp:attachment":[{"href":"https:\/\/plazajuarez.mx\/historico\/wp-json\/wp\/v2\/media?parent=35858"}],"wp:term":[{"taxonomy":"category","embeddable":true,"href":"https:\/\/plazajuarez.mx\/historico\/wp-json\/wp\/v2\/categories?post=35858"},{"taxonomy":"post_tag","embeddable":true,"href":"https:\/\/plazajuarez.mx\/historico\/wp-json\/wp\/v2\/tags?post=35858"}],"curies":[{"name":"wp","href":"https:\/\/api.w.org\/{rel}","templated":true}]}}