{"id":35857,"date":"2017-02-03T13:17:09","date_gmt":"2017-02-03T13:17:09","guid":{"rendered":"http:\/\/plazajuarez.mx\/index\/index.php\/2017\/02\/03\/preven-caida-del-5-de-poder-adquisitivo-de-los-salarios\/"},"modified":"2017-02-03T13:17:09","modified_gmt":"2017-02-03T13:17:09","slug":"preven-caida-del-5-de-poder-adquisitivo-de-los-salarios","status":"publish","type":"post","link":"https:\/\/plazajuarez.mx\/historico\/preven-caida-del-5-de-poder-adquisitivo-de-los-salarios\/","title":{"rendered":"Prev\u00e9n ca\u00edda del 5% de poder adquisitivo de los salarios"},"content":{"rendered":"<p>Navarrete Prida indic\u00f3 que acorde con las cifras que informen esos organismos, si es necesario, como se hab\u00eda acordado, se reunir\u00e1 con la iniciativa privada y con los trabajadores para analizar la situaci\u00f3n del salario m\u00ednimo.<\/p>\n<p>  <!--more-->  <\/p>\n<p>&#8220;Si vemos que hay necesidad de volvernos a sentar, est\u00e1 convenido con la iniciativa privada y con trabajadores, lo vamos a hacer con mucho gusto y lo vamos a analizar abierta y claramente&#8221;, dijo.<br \/>Alfonso Navarrete Prida, titular de la Secretar\u00eda del Trabajo y Previsi\u00f3n Social (STPS), inform\u00f3 que estudios internos no oficiales de la dependencia indican que los salarios m\u00ednimos han perdido alrededor del 3% del poder adquisitivo debido al incremento de los combustibles y se espera que podr\u00eda llegar hasta el 5%.<br \/>En la ceremonia de la toma de nota para la dirigencia de la Asociaci\u00f3n Sindical de Sobrecargos de Aviaci\u00f3n de M\u00e9xico (ASSA), el secretario pidi\u00f3 esperar hasta tener los datos del Inegi, Coneval y del Banco de M\u00e9xico que regularmente son dados a conocer durante el primer trimestre del a\u00f1o.<br \/>\u201cEl c\u00e1lculo que tenemos nosotros, que no lo ha dado en este momento ni Inegi ni Coneval, sino estudios internos, nos dicen que ha habido una p\u00e9rdida de ese poder adquisitivo de salarios m\u00ednimos en t\u00e9rminos reales. Vamos ahorita en tres puntos, y se espera que vaya en cinco puntos conforme vaya avanzando el a\u00f1o. Pero nuestras cifras oficiales son las que informe Inegi, Coneval, Banco de M\u00e9xico y las da a conocer generalmente al primer trimestre&#8221;, dijo.<\/p>\n","protected":false},"excerpt":{"rendered":"<p>Navarrete Prida indic\u00f3 que acorde con las cifras que informen esos organismos, si es necesario, como se hab\u00eda acordado, se reunir\u00e1 con la iniciativa privada y con los trabajadores para analizar la situaci\u00f3n del salario m\u00ednimo.<\/p>\n","protected":false},"author":93,"featured_media":0,"comment_status":"open","ping_status":"open","sticky":false,"template":"","format":"standard","meta":{"footnotes":""},"categories":[36],"tags":[],"class_list":["post-35857","post","type-post","status-publish","format-standard","hentry","category-nacion"],"_links":{"self":[{"href":"https:\/\/plazajuarez.mx\/historico\/wp-json\/wp\/v2\/posts\/35857","targetHints":{"allow":["GET"]}}],"collection":[{"href":"https:\/\/plazajuarez.mx\/historico\/wp-json\/wp\/v2\/posts"}],"about":[{"href":"https:\/\/plazajuarez.mx\/historico\/wp-json\/wp\/v2\/types\/post"}],"author":[{"embeddable":true,"href":"https:\/\/plazajuarez.mx\/historico\/wp-json\/wp\/v2\/users\/93"}],"replies":[{"embeddable":true,"href":"https:\/\/plazajuarez.mx\/historico\/wp-json\/wp\/v2\/comments?post=35857"}],"version-history":[{"count":0,"href":"https:\/\/plazajuarez.mx\/historico\/wp-json\/wp\/v2\/posts\/35857\/revisions"}],"wp:attachment":[{"href":"https:\/\/plazajuarez.mx\/historico\/wp-json\/wp\/v2\/media?parent=35857"}],"wp:term":[{"taxonomy":"category","embeddable":true,"href":"https:\/\/plazajuarez.mx\/historico\/wp-json\/wp\/v2\/categories?post=35857"},{"taxonomy":"post_tag","embeddable":true,"href":"https:\/\/plazajuarez.mx\/historico\/wp-json\/wp\/v2\/tags?post=35857"}],"curies":[{"name":"wp","href":"https:\/\/api.w.org\/{rel}","templated":true}]}}