{"id":35856,"date":"2017-02-03T13:17:01","date_gmt":"2017-02-03T13:17:01","guid":{"rendered":"http:\/\/plazajuarez.mx\/index\/index.php\/2017\/02\/03\/iniciativa-preferente-en-2-o-3-semanas\/"},"modified":"2017-02-03T13:17:01","modified_gmt":"2017-02-03T13:17:01","slug":"iniciativa-preferente-en-2-o-3-semanas","status":"publish","type":"post","link":"https:\/\/plazajuarez.mx\/historico\/iniciativa-preferente-en-2-o-3-semanas\/","title":{"rendered":"Iniciativa preferente \u201cen 2 \u00f3 3 semanas\u201d"},"content":{"rendered":"<p>Asegura el senador Romero Hicks<\/p>\n<p>  <!--more-->  <\/p>\n<p>Juan Carlos Romero Hicks, presidente de la Comisi\u00f3n de Educaci\u00f3n del Senado de la Rep\u00fablica, afirm\u00f3 que \u201cen dos o tres semanas\u201d procesar\u00e1n la iniciativa preferente del presidente Enrique Pe\u00f1a Nieto, para revalidar los estudios de los connacionales en el extranjero que sean deportados principalmente de Estados Unidos.<br \/>Explic\u00f3 que la iniciativa presidencial ya fue turnada a la Comisi\u00f3n de Educaci\u00f3n y a la Comisi\u00f3n de Estudios Legislativos, para trabajar en comisiones unidas por lo que desarrollar\u00e1n una ruta cr\u00edtica para su dictaminaci\u00f3n.<br \/>El senador por Guanajuato dijo que convocar\u00e1n al sector federal, a la Canciller\u00eda y a la Secretar\u00eda de Educaci\u00f3n P\u00fablica (SEP), para que den sus opiniones sobre la iniciativa presidencial; tambi\u00e9n consultar\u00e1n a los secretarios de Educaci\u00f3n estatales; a las Universidades y a representantes de la sociedad civil como los \u201cdreamers\u201d.<br \/>Reconoci\u00f3 la sensibilidad del gobierno federal de atender la inquietud de los legisladores ante la posibilidad de que se deporten a cientos de connacionales que est\u00e1n estudiando en la uni\u00f3n americana y no puedan revalidar sus estudios.<\/p>\n","protected":false},"excerpt":{"rendered":"<p>Asegura el senador Romero Hicks<\/p>\n","protected":false},"author":93,"featured_media":0,"comment_status":"open","ping_status":"open","sticky":false,"template":"","format":"standard","meta":{"footnotes":""},"categories":[36],"tags":[],"class_list":["post-35856","post","type-post","status-publish","format-standard","hentry","category-nacion"],"_links":{"self":[{"href":"https:\/\/plazajuarez.mx\/historico\/wp-json\/wp\/v2\/posts\/35856","targetHints":{"allow":["GET"]}}],"collection":[{"href":"https:\/\/plazajuarez.mx\/historico\/wp-json\/wp\/v2\/posts"}],"about":[{"href":"https:\/\/plazajuarez.mx\/historico\/wp-json\/wp\/v2\/types\/post"}],"author":[{"embeddable":true,"href":"https:\/\/plazajuarez.mx\/historico\/wp-json\/wp\/v2\/users\/93"}],"replies":[{"embeddable":true,"href":"https:\/\/plazajuarez.mx\/historico\/wp-json\/wp\/v2\/comments?post=35856"}],"version-history":[{"count":0,"href":"https:\/\/plazajuarez.mx\/historico\/wp-json\/wp\/v2\/posts\/35856\/revisions"}],"wp:attachment":[{"href":"https:\/\/plazajuarez.mx\/historico\/wp-json\/wp\/v2\/media?parent=35856"}],"wp:term":[{"taxonomy":"category","embeddable":true,"href":"https:\/\/plazajuarez.mx\/historico\/wp-json\/wp\/v2\/categories?post=35856"},{"taxonomy":"post_tag","embeddable":true,"href":"https:\/\/plazajuarez.mx\/historico\/wp-json\/wp\/v2\/tags?post=35856"}],"curies":[{"name":"wp","href":"https:\/\/api.w.org\/{rel}","templated":true}]}}