{"id":35853,"date":"2017-02-03T13:14:29","date_gmt":"2017-02-03T13:14:29","guid":{"rendered":"http:\/\/plazajuarez.mx\/index\/index.php\/2017\/02\/03\/division-en-eu-como-no-se-habia-visto-hace-mucho-tiempo\/"},"modified":"2017-02-03T13:14:29","modified_gmt":"2017-02-03T13:14:29","slug":"division-en-eu-como-no-se-habia-visto-hace-mucho-tiempo","status":"publish","type":"post","link":"https:\/\/plazajuarez.mx\/historico\/division-en-eu-como-no-se-habia-visto-hace-mucho-tiempo\/","title":{"rendered":"\u201cDivisi\u00f3n en EU como no se hab\u00eda visto hace mucho tiempo\u201d"},"content":{"rendered":"<p>Lo dice Mark Zuckerberg, creador de Facebook <\/p>\n<p>Facebook cumple 13 a\u00f1os<\/p>\n<p>  <!--more-->  <\/p>\n<p>El sexto hombre m\u00e1s rico del mundo, el m\u00e1s joven de los 50 primeros, sigue vistiendo una camiseta gris que no le favorece, unos vaqueros gastados y unas zapatillas de hacer deporte. Dice que es para no perder el tiempo pensando. Generar una rutina, un automatismo, le ayuda a centrarse en lo verdaderamente importante<br \/>Hace 13 a\u00f1os, Mark Zuckerberg era un estudiante de Harvard con notables habilidades de programaci\u00f3n. Primero quiso conectar a todos los estudiantes de su universidad. Despu\u00e9s, incluir a los de todas las escuelas de EU. Finalmente, al resto del mundo. Y as\u00ed con Facebook lleg\u00f3 a ser el tipo m\u00e1s joven en colarse entre los mayores 10 multimillonarios del mundo y a pasar sus horas entre un sencillo hogar en Atherton, un barrio en el que nunca pasa nada, y una oficina dise\u00f1ada por Frank Gehry con vistas a las marismas, y sumar m\u00e1s de 1.800 millones de perfiles activos en la mayor red social.<br \/>Aunque la celebraci\u00f3n en la sede comenz\u00f3 ayer, Zuckerberg ide\u00f3 su creaci\u00f3n el 4 de febrero de hace 13 a\u00f1os. Desde hace 10 vive en Silicon Valley. Primero situ\u00f3 su startup en Palo Alto, por diferentes edificios del centro del pueblo, haciendo reuniones de cafeter\u00eda en cafeter\u00eda entre Ramona Street y University Avenue, y, de ah\u00ed, a Menlo Park, en el antiguo campus de Sun Microsystems. All\u00ed es donde tuvo lugar el pasado martes una reuni\u00f3n con un peque\u00f1o grupo de usuarios, seleccionados por Facebook, para escucharlos y tomar nota para mejorar. <br \/>Zuckerberg hizo una referencia a la situaci\u00f3n actual de EU, tras el cambio de Gobierno: \u201cExiste una divisi\u00f3n de la sociedad como no se hab\u00eda visto desde hac\u00eda mucho tiempo. No solo en EU, sino en todo el mundo. Por eso queremos generar comunidad. En nuestro 13 cumplea\u00f1os, queremos acercar a familiares y amigos\u201d.<\/p>\n","protected":false},"excerpt":{"rendered":"<p>Lo dice Mark Zuckerberg, creador de Facebook Facebook cumple 13 a\u00f1os<\/p>\n","protected":false},"author":93,"featured_media":0,"comment_status":"open","ping_status":"open","sticky":false,"template":"","format":"standard","meta":{"footnotes":""},"categories":[31],"tags":[],"class_list":["post-35853","post","type-post","status-publish","format-standard","hentry","category-orbe"],"_links":{"self":[{"href":"https:\/\/plazajuarez.mx\/historico\/wp-json\/wp\/v2\/posts\/35853","targetHints":{"allow":["GET"]}}],"collection":[{"href":"https:\/\/plazajuarez.mx\/historico\/wp-json\/wp\/v2\/posts"}],"about":[{"href":"https:\/\/plazajuarez.mx\/historico\/wp-json\/wp\/v2\/types\/post"}],"author":[{"embeddable":true,"href":"https:\/\/plazajuarez.mx\/historico\/wp-json\/wp\/v2\/users\/93"}],"replies":[{"embeddable":true,"href":"https:\/\/plazajuarez.mx\/historico\/wp-json\/wp\/v2\/comments?post=35853"}],"version-history":[{"count":0,"href":"https:\/\/plazajuarez.mx\/historico\/wp-json\/wp\/v2\/posts\/35853\/revisions"}],"wp:attachment":[{"href":"https:\/\/plazajuarez.mx\/historico\/wp-json\/wp\/v2\/media?parent=35853"}],"wp:term":[{"taxonomy":"category","embeddable":true,"href":"https:\/\/plazajuarez.mx\/historico\/wp-json\/wp\/v2\/categories?post=35853"},{"taxonomy":"post_tag","embeddable":true,"href":"https:\/\/plazajuarez.mx\/historico\/wp-json\/wp\/v2\/tags?post=35853"}],"curies":[{"name":"wp","href":"https:\/\/api.w.org\/{rel}","templated":true}]}}