{"id":35852,"date":"2017-02-03T13:13:47","date_gmt":"2017-02-03T13:13:47","guid":{"rendered":"http:\/\/plazajuarez.mx\/index\/index.php\/2017\/02\/03\/corea-del-norte-es-la-maxima-prioridad-para-eu\/"},"modified":"2017-02-03T13:13:47","modified_gmt":"2017-02-03T13:13:47","slug":"corea-del-norte-es-la-maxima-prioridad-para-eu","status":"publish","type":"post","link":"https:\/\/plazajuarez.mx\/historico\/corea-del-norte-es-la-maxima-prioridad-para-eu\/","title":{"rendered":"Corea del Norte es la &#8220;m\u00e1xima prioridad&#8221; para EU"},"content":{"rendered":"<p>Asegura James Mattis, secretario de Defensa de EU<\/p>\n<p>  <!--more-->  <\/p>\n<p>Mattis intenta disipar en Corea del Sur y Jap\u00f3n la incertidumbre creada por Donald Trump<br \/>Mattis desestim\u00f3 la oposici\u00f3n China al escudo antimisiles THAAD, asegurando que ese sistema armament\u00edstico no tiene que preocupar a &#8220;ninguna otra naci\u00f3n&#8221; que no sea Corea del Norte.&#8221;Si no fuera por el comportamiento provocativo de Corea del Norte, no necesitar\u00edamos el THAAD&#8221;, a\u00f1adi\u00f3.<br \/>El secretario de Estado de Defensa de EU, James Mattis, comenz\u00f3 ayer su visita a Corea del Sur, antes de continuar a Jap\u00f3n, en un periplo al exterior que pretende disipar la ingente incertidumbre generada por el presidente Donald Trump entre los principales aliados de Washington en Asia.<br \/>&#8220;He hablado con el presidente Trump y quiere dejar muy clara la prioridad que otorgamos a la alianza con estas dos naciones&#8221;, dijo Mattis. Los cerca de 50.000 soldados norteamericanos instalados en Jap\u00f3n, los 28.500 que hay en Corea del Sur y los nav\u00edos y aviones desplegados en ambos pa\u00edses constituyen el eje central de la estrategia de EU en la zona. <br \/>Trump hab\u00eda desatado el desasosiego en las dos capitales asi\u00e1ticas con las declaraciones que realiz\u00f3 durante la campa\u00f1a electoral en las que pon\u00edan en cuesti\u00f3n la alianza militar tripartita.<br \/>El lunes, sin embargo, el ahora presidente norteamericano se comunic\u00f3 por tel\u00e9fono con los dirigentes de ambos pa\u00edses incidiendo en &#8220;el compromiso acorazado&#8221; que mantiene la nueva administraci\u00f3n con la defensa de ambas naciones, en expresi\u00f3n utilizada por la Casa Blanca.<br \/>Mattis se reuni\u00f3 con el presidente en funciones Hwang Kyo-ahn, el ministro de Defensa, Han Min-koo, y el jefe de la Seguridad Nacional, Kim Kwan-jin, para incidir tambi\u00e9n en su apoyo al despliegue del escudo antimisiles en el territorio surcoreano (conocido como THAAD).<br \/>Seg\u00fan Kim Kwan-jin, el ex general estadounidense le explic\u00f3 que la nueva administraci\u00f3n considera que Corea del Norte es &#8220;su m\u00e1xima prioridad&#8221;.<br \/>&#8220;El THAAD est\u00e1 destinado a la defensa de la poblaci\u00f3n de nuestros aliados y de nuestras tropas, que est\u00e1n comprometidas en su defensa&#8221;, se\u00f1al\u00f3 Mattis.<\/p>\n","protected":false},"excerpt":{"rendered":"<p>Asegura James Mattis, secretario de Defensa de EU<\/p>\n","protected":false},"author":93,"featured_media":0,"comment_status":"open","ping_status":"open","sticky":false,"template":"","format":"standard","meta":{"footnotes":""},"categories":[31],"tags":[],"class_list":["post-35852","post","type-post","status-publish","format-standard","hentry","category-orbe"],"_links":{"self":[{"href":"https:\/\/plazajuarez.mx\/historico\/wp-json\/wp\/v2\/posts\/35852","targetHints":{"allow":["GET"]}}],"collection":[{"href":"https:\/\/plazajuarez.mx\/historico\/wp-json\/wp\/v2\/posts"}],"about":[{"href":"https:\/\/plazajuarez.mx\/historico\/wp-json\/wp\/v2\/types\/post"}],"author":[{"embeddable":true,"href":"https:\/\/plazajuarez.mx\/historico\/wp-json\/wp\/v2\/users\/93"}],"replies":[{"embeddable":true,"href":"https:\/\/plazajuarez.mx\/historico\/wp-json\/wp\/v2\/comments?post=35852"}],"version-history":[{"count":0,"href":"https:\/\/plazajuarez.mx\/historico\/wp-json\/wp\/v2\/posts\/35852\/revisions"}],"wp:attachment":[{"href":"https:\/\/plazajuarez.mx\/historico\/wp-json\/wp\/v2\/media?parent=35852"}],"wp:term":[{"taxonomy":"category","embeddable":true,"href":"https:\/\/plazajuarez.mx\/historico\/wp-json\/wp\/v2\/categories?post=35852"},{"taxonomy":"post_tag","embeddable":true,"href":"https:\/\/plazajuarez.mx\/historico\/wp-json\/wp\/v2\/tags?post=35852"}],"curies":[{"name":"wp","href":"https:\/\/api.w.org\/{rel}","templated":true}]}}