{"id":35851,"date":"2017-02-03T13:13:13","date_gmt":"2017-02-03T13:13:13","guid":{"rendered":"http:\/\/plazajuarez.mx\/index\/index.php\/2017\/02\/03\/lula-se-despide-de-su-mujer-en-agonia\/"},"modified":"2017-02-03T13:13:13","modified_gmt":"2017-02-03T13:13:13","slug":"lula-se-despide-de-su-mujer-en-agonia","status":"publish","type":"post","link":"https:\/\/plazajuarez.mx\/historico\/lula-se-despide-de-su-mujer-en-agonia\/","title":{"rendered":"Lula se despide de su mujer, en agon\u00eda"},"content":{"rendered":"<p>Sufri\u00f3 un derrame cerebral<\/p>\n<p>  <!--more-->  <\/p>\n<p>Los m\u00e9dicos han confirmado que su situaci\u00f3n es &#8220;irreversible&#8221; y la familia ya ha autorizado la donaci\u00f3n de sus \u00f3rganos<br \/>Descendiente de italianos y conocida por los brasile\u00f1os como &#8220;do\u00f1a Marisa&#8221;, su vida y la de Lula se cruzaron en los 70, cuando ella trabajaba en un colegio y \u00e9l empezaba a destacar como l\u00edder sindical. Ambos. veintea\u00f1eros y ya viudos de sus primeros matrimonios; siete meses despu\u00e9s, se casaron, para iniciar una familia que dio tres hijos: F\u00e1bio Lu\u00eds, Sandro Lu\u00eds y Lu\u00eds Cl\u00e1udio.<br \/>El ex presidente brasile\u00f1o Luiz In\u00e1cio Lula da Silva ya preve\u00eda un a\u00f1o dif\u00edcil por sus problemas judiciales relacionados con esc\u00e1ndalos de corrupci\u00f3n. Pero la tragedia ha acabado golpe\u00e1ndolo por donde menos esperaba: su mujer, Marisa Let\u00edcia, de 66 a\u00f1os, est\u00e1 al borde de la muerte tras m\u00e1s de una semana ingresada por un derrame cerebral. <br \/>Los m\u00e9dicos han confirmado que su situaci\u00f3n es &#8220;irreversible&#8221; y la familia ya ha autorizado la donaci\u00f3n de sus \u00f3rganos. La ex primera dama fue sometida ayer a un doppler transcraneal y el equipo m\u00e9dico ha identificado la &#8220;ausencia de flujo [sangu\u00edneo] cerebral&#8221;, seg\u00fan la informaci\u00f3n divulgada por el Hospital Sirio-Liban\u00e9s de S\u00e3o Paulo.<br \/>Tras conocer el resultado, el perfil oficial de Lula en las redes sociales ha publicado una nota de agradecimiento ante &#8220;todas las manifestaciones de cari\u00f1o y solidaridad recibidas en estos \u00faltimos 10 d\u00edas&#8221;, desde que su esposa sufri\u00f3 un accidente cerebrovascular el pasado 24 de enero. &#8220;La familia ha autorizado los procedimientos preparativos para la donaci\u00f3n de los \u00f3rganos&#8221;, a\u00f1ade el breve comunicado.<br \/>A pesar de que el desenlace a\u00fan no ha sido anunciado de manera oficial, la diputada federal Benedita da Silva, del Partido de los Trabajadores (PT) de Lula, mencion\u00f3 ayer el fallecimiento de la ex primera dama ante el pleno de la C\u00e1mara Baja en Brasilia y pidi\u00f3 un minuto de silencio.<\/p>\n","protected":false},"excerpt":{"rendered":"<p>Sufri\u00f3 un derrame cerebral<\/p>\n","protected":false},"author":93,"featured_media":0,"comment_status":"open","ping_status":"open","sticky":false,"template":"","format":"standard","meta":{"footnotes":""},"categories":[31],"tags":[],"class_list":["post-35851","post","type-post","status-publish","format-standard","hentry","category-orbe"],"_links":{"self":[{"href":"https:\/\/plazajuarez.mx\/historico\/wp-json\/wp\/v2\/posts\/35851","targetHints":{"allow":["GET"]}}],"collection":[{"href":"https:\/\/plazajuarez.mx\/historico\/wp-json\/wp\/v2\/posts"}],"about":[{"href":"https:\/\/plazajuarez.mx\/historico\/wp-json\/wp\/v2\/types\/post"}],"author":[{"embeddable":true,"href":"https:\/\/plazajuarez.mx\/historico\/wp-json\/wp\/v2\/users\/93"}],"replies":[{"embeddable":true,"href":"https:\/\/plazajuarez.mx\/historico\/wp-json\/wp\/v2\/comments?post=35851"}],"version-history":[{"count":0,"href":"https:\/\/plazajuarez.mx\/historico\/wp-json\/wp\/v2\/posts\/35851\/revisions"}],"wp:attachment":[{"href":"https:\/\/plazajuarez.mx\/historico\/wp-json\/wp\/v2\/media?parent=35851"}],"wp:term":[{"taxonomy":"category","embeddable":true,"href":"https:\/\/plazajuarez.mx\/historico\/wp-json\/wp\/v2\/categories?post=35851"},{"taxonomy":"post_tag","embeddable":true,"href":"https:\/\/plazajuarez.mx\/historico\/wp-json\/wp\/v2\/tags?post=35851"}],"curies":[{"name":"wp","href":"https:\/\/api.w.org\/{rel}","templated":true}]}}