{"id":35849,"date":"2017-02-03T13:08:54","date_gmt":"2017-02-03T13:08:54","guid":{"rendered":"http:\/\/plazajuarez.mx\/index\/index.php\/2017\/02\/03\/la-noticia-mas-esperada-noah-buble-supero-el-cancer\/"},"modified":"2017-02-03T13:08:54","modified_gmt":"2017-02-03T13:08:54","slug":"la-noticia-mas-esperada-noah-buble-supero-el-cancer","status":"publish","type":"post","link":"https:\/\/plazajuarez.mx\/historico\/la-noticia-mas-esperada-noah-buble-supero-el-cancer\/","title":{"rendered":"La noticia m\u00e1s esperada: Noah Bubl\u00e9 super\u00f3 el c\u00e1ncer"},"content":{"rendered":"<p>Luego del tratamiento de quimioterapia, y tras una intervenci\u00f3n quir\u00fargica, Luisana Lopilato y Michael Bubl\u00e9 escucharon de parte de los m\u00e9dicos muy buenas noticias: su hijo mayor, Noah Bubl\u00e9, habr\u00eda superado el c\u00e1ncer. Eso indicar\u00edan los \u00faltimos estudios realizados en el hospital de Los \u00c1ngeles donde Noah fue asistido.<\/p>\n<p>  <!--more-->  <\/p>\n<p>El peque\u00f1o de tres a\u00f1os fue asistido en este hospital desde principios de noviembre por un tumor en el h\u00edgado que se le detect\u00f3. En los \u00faltimos d\u00edas de diciembre, cuando todav\u00eda no se hab\u00edan cumplido dos meses de la primera sesi\u00f3n de quimioterapia, los pron\u00f3sticos ya eran optimistas: Noah hab\u00eda superado con \u00e9xito la primera etapa del tratamiento.<br \/>La segunda fase comenz\u00f3 el 26 de diciembre. Y con el correr de las semanas, la mejor\u00eda se sostuvo. &#8220;(El c\u00e1ncer) fue encontrado de modo temprano -hab\u00eda contado Guillermo Francella, muy amigo de Luisana y su hermano Dar\u00edo Lopilato, poco despu\u00e9s de que la familia hubiera hecho p\u00fablica la situaci\u00f3n con un comunicado-.<br \/>Y agreg\u00f3: &#8220;Me he interiorizado, y s\u00e9 que tiene gran porcentaje de cura, y de que se estabilice de nuevo. Es el anhelo de todos&#8221;. Y aquellas palabras del actor fueron corroboradas en estas horas, si bien los controles sobre la salud de Noah -y pese a los resultados favorables- deber\u00e1n continuar durante un tiempo.<br \/>Luisana y Michael, quienes suspendieron todos sus compromisos laborales para acompa\u00f1ar a su hijo mayor a\u00fan no se manifestaron en las redes sociales. No lo hacen desde que supieron el diagn\u00f3stico. Sin embargo, Dar\u00edo Lopilato, quien dej\u00f3 la obra teatral que protagonizaba para acompa\u00f1ar a su sobrino, escribi\u00f3 un mensaje en Twitter que refleja su fe en Dios.<\/p>\n","protected":false},"excerpt":{"rendered":"<p>Luego del tratamiento de quimioterapia, y tras una intervenci\u00f3n quir\u00fargica, Luisana Lopilato y Michael Bubl\u00e9 escucharon de parte de los m\u00e9dicos muy buenas noticias: su hijo mayor, Noah Bubl\u00e9, habr\u00eda superado el c\u00e1ncer. Eso indicar\u00edan los \u00faltimos estudios realizados en el hospital de Los \u00c1ngeles donde Noah fue asistido.<\/p>\n","protected":false},"author":93,"featured_media":0,"comment_status":"open","ping_status":"open","sticky":false,"template":"","format":"standard","meta":{"footnotes":""},"categories":[38],"tags":[],"class_list":["post-35849","post","type-post","status-publish","format-standard","hentry","category-show"],"_links":{"self":[{"href":"https:\/\/plazajuarez.mx\/historico\/wp-json\/wp\/v2\/posts\/35849","targetHints":{"allow":["GET"]}}],"collection":[{"href":"https:\/\/plazajuarez.mx\/historico\/wp-json\/wp\/v2\/posts"}],"about":[{"href":"https:\/\/plazajuarez.mx\/historico\/wp-json\/wp\/v2\/types\/post"}],"author":[{"embeddable":true,"href":"https:\/\/plazajuarez.mx\/historico\/wp-json\/wp\/v2\/users\/93"}],"replies":[{"embeddable":true,"href":"https:\/\/plazajuarez.mx\/historico\/wp-json\/wp\/v2\/comments?post=35849"}],"version-history":[{"count":0,"href":"https:\/\/plazajuarez.mx\/historico\/wp-json\/wp\/v2\/posts\/35849\/revisions"}],"wp:attachment":[{"href":"https:\/\/plazajuarez.mx\/historico\/wp-json\/wp\/v2\/media?parent=35849"}],"wp:term":[{"taxonomy":"category","embeddable":true,"href":"https:\/\/plazajuarez.mx\/historico\/wp-json\/wp\/v2\/categories?post=35849"},{"taxonomy":"post_tag","embeddable":true,"href":"https:\/\/plazajuarez.mx\/historico\/wp-json\/wp\/v2\/tags?post=35849"}],"curies":[{"name":"wp","href":"https:\/\/api.w.org\/{rel}","templated":true}]}}