{"id":35775,"date":"2017-02-01T16:28:02","date_gmt":"2017-02-01T16:28:02","guid":{"rendered":"http:\/\/plazajuarez.mx\/index\/index.php\/2017\/02\/01\/sedan-y-roban-en-taxi-a-conductor-de-tv-azteca\/"},"modified":"2017-02-01T16:28:02","modified_gmt":"2017-02-01T16:28:02","slug":"sedan-y-roban-en-taxi-a-conductor-de-tv-azteca","status":"publish","type":"post","link":"https:\/\/plazajuarez.mx\/historico\/sedan-y-roban-en-taxi-a-conductor-de-tv-azteca\/","title":{"rendered":"Sedan y roban en taxi a conductor de &#8220;Tv Azteca&#8221;"},"content":{"rendered":"<p class=\"MsoNormal\" style=\"text-align: justify;\">Esta ma\u00f1ana se dio a conocer que el conductor de TV Azteca Ricardo Casares denunci\u00f3 ante autoridades de la Ciudad de M\u00e9xico haber sido sedado a bordo de un taxi para luego ser v\u00edctima de un robo.<\/p>\n<p>  <!--more-->  <\/p>\n<p class=\"MsoNormal\" style=\"text-align: justify;\">Seg\u00fan las investigaciones, la noche del s\u00e1bado pasado, el periodista abord\u00f3 el transporte tras salir de un bar ubicado cerca de la Glorieta de las Cibeles.<\/p>\n<p class=\"MsoNormal\" style=\"text-align: justify;\">El automovilista le ofreci\u00f3 una botella de agua a Casares, quien, tras beberla, confes\u00f3 sentirse somnoliento y perdi\u00f3 el conocimiento.<\/p>\n<p class=\"MsoNormal\" style=\"text-align: justify;\">Horas despu\u00e9s, el joven despert\u00f3 en su departamento, ubicado en \u00c1lvaro Obreg\u00f3n, sin reloj, sin cartera y sin tel\u00e9fono.<\/p>\n<p class=\"MsoNormal\" style=\"text-align: justify;\">Ricardo Casares es originario de la Ciudad de M\u00e9xico y naci\u00f3 el 17 de mayo de 1980.<\/p>\n<p class=\"MsoNormal\" style=\"text-align: justify;\">Tras estudiar la licenciatura en Ciencias de la Comunicaci\u00f3n, el conductor se integr\u00f3 a las filas de TV Azteca, en donde ha sido parte de producciones como &#8220;Top Ten&#8221;, &#8220;Desde Cero&#8221; y &#8220;Su\u00e9ltalo&#8221;.<\/p>\n<p class=\"MsoNormal\" style=\"text-align: justify;\">Ricardo tambi\u00e9n que ha participado en transmisiones de entregas de premios \u00d3scar, de Mundiales de futbol y del Super Bowl.<\/p>\n<p class=\"MsoNormal\" style=\"text-align: justify;\">El conductor tambi\u00e9n dio cuenta de su habilidad f\u00edsica al ser uno de los participantes del reality show &#8220;La Isla&#8221;.<\/p>\n<p class=\"MsoNormal\" style=\"text-align: justify;\">Durante varios a\u00f1os, Casares fue parte del equipo de Patricia Chapoy, titular del emblem\u00e1tico programa de espect\u00e1culos &#8220;Ventaneando&#8221;.<\/p>\n<p class=\"MsoNormal\" style=\"text-align: justify;\">Actualmente, el conductor forma parte de las filas del programa de revista &#8220;Venga La Alegr\u00eda&#8221;.<\/p>\n","protected":false},"excerpt":{"rendered":"<p>Esta ma\u00f1ana se dio a conocer que el conductor de TV Azteca Ricardo Casares denunci\u00f3 ante autoridades de la Ciudad de M\u00e9xico haber sido sedado a bordo de un taxi para luego ser v\u00edctima de un robo.<\/p>\n","protected":false},"author":6,"featured_media":0,"comment_status":"open","ping_status":"open","sticky":false,"template":"","format":"standard","meta":{"footnotes":""},"categories":[38],"tags":[],"class_list":["post-35775","post","type-post","status-publish","format-standard","hentry","category-show"],"_links":{"self":[{"href":"https:\/\/plazajuarez.mx\/historico\/wp-json\/wp\/v2\/posts\/35775","targetHints":{"allow":["GET"]}}],"collection":[{"href":"https:\/\/plazajuarez.mx\/historico\/wp-json\/wp\/v2\/posts"}],"about":[{"href":"https:\/\/plazajuarez.mx\/historico\/wp-json\/wp\/v2\/types\/post"}],"author":[{"embeddable":true,"href":"https:\/\/plazajuarez.mx\/historico\/wp-json\/wp\/v2\/users\/6"}],"replies":[{"embeddable":true,"href":"https:\/\/plazajuarez.mx\/historico\/wp-json\/wp\/v2\/comments?post=35775"}],"version-history":[{"count":0,"href":"https:\/\/plazajuarez.mx\/historico\/wp-json\/wp\/v2\/posts\/35775\/revisions"}],"wp:attachment":[{"href":"https:\/\/plazajuarez.mx\/historico\/wp-json\/wp\/v2\/media?parent=35775"}],"wp:term":[{"taxonomy":"category","embeddable":true,"href":"https:\/\/plazajuarez.mx\/historico\/wp-json\/wp\/v2\/categories?post=35775"},{"taxonomy":"post_tag","embeddable":true,"href":"https:\/\/plazajuarez.mx\/historico\/wp-json\/wp\/v2\/tags?post=35775"}],"curies":[{"name":"wp","href":"https:\/\/api.w.org\/{rel}","templated":true}]}}