{"id":35774,"date":"2017-02-01T14:38:22","date_gmt":"2017-02-01T14:38:22","guid":{"rendered":"http:\/\/plazajuarez.mx\/index\/index.php\/2017\/02\/01\/alcalde-da-banderazo-de-inicio-de-obra-de-pavimentacion-hidraulica\/"},"modified":"2017-02-01T14:38:22","modified_gmt":"2017-02-01T14:38:22","slug":"alcalde-da-banderazo-de-inicio-de-obra-de-pavimentacion-hidraulica","status":"publish","type":"post","link":"https:\/\/plazajuarez.mx\/historico\/alcalde-da-banderazo-de-inicio-de-obra-de-pavimentacion-hidraulica\/","title":{"rendered":"Alcalde da banderazo de inicio de  obra de pavimentaci\u00f3n hidr\u00e1ulica"},"content":{"rendered":"<p dir=\"ltr\" style=\"line-height: 1.2; margin-top: 0pt; margin-bottom: 10pt;\"><span style=\"font-size: 14pt; font-family: 'Times New Roman'; color: #000000; background-color: transparent; font-weight: 400; font-style: normal; font-variant: normal; text-decoration: none; vertical-align: baseline;\">Con una inversi\u00f3n cercana a los 2.5 millones de pesos, ayer, el alcalde Ra\u00fal L\u00f3pez Ram\u00edrez, acompa\u00f1ado de asamble\u00edstas, funcionarios y vecinos de la comunidad de Conejos, dio el banderazo de continuaci\u00f3n de los trabajos de la pavimentaci\u00f3n hidr\u00e1ulica de la carretera Atotonilco-Conejos.<\/span><\/p>\n<p>  <!--more-->  <\/p>\n<p dir=\"ltr\" style=\"line-height: 1.2; margin-top: 0pt; margin-bottom: 10pt;\"><span style=\"font-size: 14pt; font-family: 'Times New Roman'; color: #000000; background-color: transparent; font-weight: 400; font-style: normal; font-variant: normal; text-decoration: none; vertical-align: baseline;\">Antes de dar el banderazo de arranque de los trabajos en su segunda etapa, el Jefe del Ejecutivo municipal agradeci\u00f3 la comprensi\u00f3n de los vecinos de la comunidad de Conejos, pues dijo que debido al adeudo con que recibieron la administraci\u00f3n, por m\u00e1s de 50 millones de pesos, no hab\u00edan podido continuar con los trabajos de pavimentaci\u00f3n de la importante v\u00eda carretera que comunica a la cabecera municipal de Atotonilco con la localidad de Conejos.<\/span><\/p>\n<p dir=\"ltr\" style=\"line-height: 1.2; margin-top: 0pt; margin-bottom: 10pt;\"><span style=\"font-size: 14pt; font-family: 'Times New Roman'; color: #000000; background-color: transparent; font-weight: 400; font-style: normal; font-variant: normal; text-decoration: none; vertical-align: baseline;\">Pero que, como parte del compromiso de continuar impulsando el municipio y sus comunidades con obras dignas, se logr\u00f3 gestionar una parte del recurso que se requiere para concluir la pavimentaci\u00f3n en su totalidad.<\/span><\/p>\n<p dir=\"ltr\" style=\"line-height: 1.2; margin-top: 0pt; margin-bottom: 10pt;\"><span style=\"font-size: 14pt; font-family: 'Times New Roman'; color: #000000; background-color: transparent; font-weight: 400; font-style: normal; font-variant: normal; text-decoration: none; vertical-align: baseline;\">Dijo que para continuar con los trabajos se pavimentar\u00e1n 345 metros lineales, con recursos extraordinarios por cerca de 2.5 millones de pesos, gestionados a trav\u00e9s de la agrupaci\u00f3n \u00a0Movimiento Nacional por la Esperanza, que dirige Ren\u00e9 Bejarano.<\/span><\/p>\n<p dir=\"ltr\" style=\"line-height: 1.2; margin-top: 0pt; margin-bottom: 10pt;\"><span style=\"font-size: 14pt; font-family: 'Times New Roman'; color: #000000; background-color: transparent; font-weight: 400; font-style: normal; font-variant: normal; text-decoration: none; vertical-align: baseline;\">L\u00f3pez Ram\u00edrez coment\u00f3 que para continuar con el resto de la pavimentaci\u00f3n, el Gobierno Municipal solicit\u00f3 el apoyo de Cementos Fortaleza con la donaci\u00f3n de concreto hidr\u00e1ulico para un kil\u00f3metro y que la misma gesti\u00f3n la hizo con Cemex, por lo que conf\u00edan en que las empresas, como parte de su pol\u00edtica socialmente responsable, contribuir\u00e1n con la mejora de las v\u00edas de comunicaci\u00f3n del municipio. <\/span><\/p>\n<p dir=\"ltr\" style=\"line-height: 1.2; margin-top: 0pt; margin-bottom: 10pt;\"><span style=\"font-size: 14pt; font-family: 'Times New Roman'; color: #000000; background-color: transparent; font-weight: 400; font-style: normal; font-variant: normal; text-decoration: none; vertical-align: baseline;\">Al evento acudieron Marcela Mart\u00ednez Cervantes, secretaria general municipal; Ricardo Ceballos Gamboa, titular de Medio Ambiente y Responsabilidad Social de Cementos Fortaleza; Marcela Cervantes, Gabriel Ruiz, representante de la agrupaci\u00f3n Movimiento Nacional por la Esperanza que dirige Enrique Bejarano; Anastasio Tovar Mendoza, delegado de la Primera Secci\u00f3n de Conejos; Emilio L\u00f3pez Mendoza, director de Obras P\u00fablicas Municipal.<\/span><\/p>\n<p dir=\"ltr\" style=\"line-height: 1.2; margin-top: 0pt; margin-bottom: 10pt;\"><span style=\"font-size: 14pt; font-family: 'Times New Roman'; color: #000000; background-color: transparent; font-weight: 400; font-style: normal; font-variant: normal; text-decoration: none; vertical-align: baseline;\">Por su parte el director de Obras P\u00fablicas, Emilio L\u00f3pez Mendoza, precis\u00f3 que se ejecutar\u00e1n trabajos de colocaci\u00f3n de concreto hidr\u00e1ulico en 345 metros lineales con un espesor de 25 cent\u00edmetros.<\/span><\/p>\n<p dir=\"ltr\" style=\"line-height: 1.2; margin-top: 0pt; margin-bottom: 10pt;\"><span style=\"font-size: 14pt; font-family: 'Times New Roman'; color: #000000; background-color: transparent; font-weight: 400; font-style: normal; font-variant: normal; text-decoration: none; vertical-align: baseline;\">L\u00f3pez Mendoza aprovech\u00f3 para aclarar \u00a0los comentarios que se hicieron en redes sociales sobre que la arteria se continuar\u00eda con asfalto y no con concreto hidr\u00e1ulico. Dijo que para proteger tanto el subsuelo, como el propio concreto en el \u00e1rea a pavimentar, previamente se coloc\u00f3 una capa de impregnaci\u00f3n, pero que la obra se concluir\u00e1 al cien por ciento con concreto hidr\u00e1ulico.<\/span><\/p>\n<p dir=\"ltr\" style=\"line-height: 1.2; margin-top: 0pt; margin-bottom: 10pt;\"><span style=\"font-size: 14pt; font-family: 'Times New Roman'; color: #000000; background-color: transparent; font-weight: 400; font-style: normal; font-variant: normal; text-decoration: none; vertical-align: baseline;\">Finalmente, los asistentes, ante el benepl\u00e1cito de los vecinos, dieron el banderazo de arranque de los trabajos, al tiempo que la revolvedora vaci\u00f3 el concreto en el \u00e1rea a pavimentar en la segunda etapa.<\/span><\/p>\n","protected":false},"excerpt":{"rendered":"<p>Con una inversi\u00f3n cercana a los 2.5 millones de pesos, ayer, el alcalde Ra\u00fal L\u00f3pez Ram\u00edrez, acompa\u00f1ado de asamble\u00edstas, funcionarios y vecinos de la comunidad de Conejos, dio el banderazo de continuaci\u00f3n de los trabajos de la pavimentaci\u00f3n hidr\u00e1ulica de la carretera Atotonilco-Conejos.<\/p>\n","protected":false},"author":3,"featured_media":0,"comment_status":"open","ping_status":"open","sticky":false,"template":"","format":"standard","meta":{"footnotes":""},"categories":[40],"tags":[],"class_list":["post-35774","post","type-post","status-publish","format-standard","hentry","category-region"],"_links":{"self":[{"href":"https:\/\/plazajuarez.mx\/historico\/wp-json\/wp\/v2\/posts\/35774","targetHints":{"allow":["GET"]}}],"collection":[{"href":"https:\/\/plazajuarez.mx\/historico\/wp-json\/wp\/v2\/posts"}],"about":[{"href":"https:\/\/plazajuarez.mx\/historico\/wp-json\/wp\/v2\/types\/post"}],"author":[{"embeddable":true,"href":"https:\/\/plazajuarez.mx\/historico\/wp-json\/wp\/v2\/users\/3"}],"replies":[{"embeddable":true,"href":"https:\/\/plazajuarez.mx\/historico\/wp-json\/wp\/v2\/comments?post=35774"}],"version-history":[{"count":0,"href":"https:\/\/plazajuarez.mx\/historico\/wp-json\/wp\/v2\/posts\/35774\/revisions"}],"wp:attachment":[{"href":"https:\/\/plazajuarez.mx\/historico\/wp-json\/wp\/v2\/media?parent=35774"}],"wp:term":[{"taxonomy":"category","embeddable":true,"href":"https:\/\/plazajuarez.mx\/historico\/wp-json\/wp\/v2\/categories?post=35774"},{"taxonomy":"post_tag","embeddable":true,"href":"https:\/\/plazajuarez.mx\/historico\/wp-json\/wp\/v2\/tags?post=35774"}],"curies":[{"name":"wp","href":"https:\/\/api.w.org\/{rel}","templated":true}]}}