{"id":35771,"date":"2017-02-01T13:28:17","date_gmt":"2017-02-01T13:28:17","guid":{"rendered":"http:\/\/plazajuarez.mx\/index\/index.php\/2017\/02\/01\/la-luz-de-una-tradicion-que-se-apaga\/"},"modified":"2017-02-01T13:28:17","modified_gmt":"2017-02-01T13:28:17","slug":"la-luz-de-una-tradicion-que-se-apaga","status":"publish","type":"post","link":"https:\/\/plazajuarez.mx\/historico\/la-luz-de-una-tradicion-que-se-apaga\/","title":{"rendered":"La luz de una tradici\u00f3n que se apaga"},"content":{"rendered":"<p>CANDELARIA<br \/>Presentaci\u00f3n del se\u00f1or en el templo y purificaci\u00f3n de la virgen<\/p>\n<p>  <!--more-->  <\/p>\n<p>Si bien la celebraci\u00f3n del d\u00eda de la Candelaria es una tradici\u00f3n arraigada entre los cat\u00f3licos al recordar la presentaci\u00f3n del Ni\u00f1o Jes\u00fas al Templo; el nombre tiene su origen en las velas o candelas que los fieles llevaban en la procesi\u00f3n; sin embargo para algunos comerciantes y restauradores de im\u00e1genes, esta luz pareciera extinguirse con el paso de los a\u00f1os.<br \/>Faustino Garc\u00eda Vera,\u00a0 es un reparador de \u201cNi\u00f1os Dios\u201d con experiencia de m\u00e1s de 25 a\u00f1os; profesi\u00f3n que ha heredado a su familia, principalmente a sus hijos, quienes contribuyen cada a\u00f1o esta noble y dedicada labor, que registra una notable baja.<br \/>\u201cEn el transcurso de los a\u00f1os ha bajado un poco, tambi\u00e9n han bajado mucho las religiones\u2026 antes era mucho trabajo, pero las tradiciones cambian\u2026cada cabeza es un mundo y piensa diferente, cambian de religi\u00f3n, ya no les interesa, son varios motivos, pero es una decisi\u00f3n propia\u201d, se\u00f1al\u00f3.<br \/>Sin embargo puntualiz\u00f3, que adem\u00e1s de las cuestiones ideol\u00f3gicas, las disposiciones municipales tambi\u00e9n sufrieron modificaciones con el cambio de administraci\u00f3n, reduciendo su estancia para comercializaci\u00f3n a una semana, lo que impacta directamente en su trabajo y ganancias.<br \/>\u201cNos quitaron una semana de ponernos, nos dejaron ocho d\u00edas nada m\u00e1s, antes eran dos semanas, y se pierde la mitad de trabajo, es decir, cerca de 300 ni\u00f1os para reparar, impacta bastante, esperemos que den permiso m\u00e1s tiempo\u201d, dijo.<br \/>Garc\u00eda Vera record\u00f3 que anteriormente la cifra de reparaciones oscilaba entre 400 y 500 \u201cni\u00f1os Dios\u201d, no obstante con las nuevas pol\u00edticas y el cambio de tradiciones, la demanda de restauraciones bajo m\u00e1s de la mitad.<br \/>Respecto al oficio que desempe\u00f1a manifest\u00f3, que los tama\u00f1os de im\u00e1genes m\u00e1s comunes son de cinco, 17, 20, 25, 30 y hasta 40 cent\u00edmetros; las reparaciones m\u00e1s usuales son por el rompimiento de dedos, pies y cabeza; y los costos oscilan entre los 30, 50, 100, 150 y 200 pesos, precios que incluyen el ba\u00f1o completo, es decir \u201cpintarlo completo con pesta\u00f1as\u201d.<br \/>Destac\u00f3 que el d\u00eda m\u00e1s fuerte es el primero de febrero e incluso algunos clientes acuden el dos, para una reparaci\u00f3n r\u00e1pida, \u201cComo somos mexicanos, todo a la mera,\u00a0 el primero de febrero es la locura, vienen a dejarlos\u2026otros llegan el dos y quieren las cosas r\u00e1pido y al instante, pero soy honesto a m\u00ed no me gusta, es dinero para m\u00ed pero se les va a caer porque se tiene que secar\u201d.<br \/>En tanto, Faustino Vera Garc\u00eda se\u00f1al\u00f3 que adem\u00e1s de la temporada fuerte de reparaciones, la el servicio de restauraci\u00f3n lo realiza durante todo el a\u00f1o, en un local ubicado en calle Reforma, n\u00famero 903 barrio en la colonia El arbolito.<\/p>\n<p>Historia<br \/>Con base en informaci\u00f3n cat\u00f3lica, Candelaria, es un nombre femenino de origen latino &#8220;Candela&#8221;, vela; su significado es &#8220;Aquella que purifica con la luz&#8221;; y la costumbre tiene su origen en la celebraci\u00f3n lit\u00fargica de la fiesta de la purificaci\u00f3n y la presentaci\u00f3n del Ni\u00f1o Dios al templo.<br \/>En tiempo de Jes\u00fas, la ley prescrib\u00eda en el Lev\u00edtico (Libro de la Biblia que trata sobre los sacrificios y ceremonias de los levitas), que toda mujer deb\u00eda presentarse en el templo para purificarse a los cuarenta d\u00edas que hubiese dado a luz; si el hijo nacido era var\u00f3n, deb\u00eda ser circuncidado a los ocho d\u00edas y la madre deber\u00eda permanecer en su casa durante treinta y tres d\u00edas m\u00e1s, purific\u00e1ndose a trav\u00e9s del recogimiento y la oraci\u00f3n.<br \/>Ya que se cumpliera la fecha, acud\u00eda en compa\u00f1\u00eda de su esposo a las puertas del templo para llevar una ofrenda: un cordero y una paloma o t\u00f3rtola; Con respecto al ni\u00f1o, todo primog\u00e9nito deb\u00eda ser consagrado al Se\u00f1or, en recuerdo de los primog\u00e9nitos de Egipto que hab\u00eda salvado Dios. <br \/>Jos\u00e9 y Mar\u00eda llevaron a Jes\u00fas al templo de Jerusal\u00e9n. Como eran pobres, llevaron dos palomas blancas. Al entrar al templo, el anciano Sime\u00f3n, movido por el Esp\u00edritu Santo, tom\u00f3 en brazos a Jes\u00fas y lo bendijo diciendo que \u00c9l ser\u00eda la luz que iluminar\u00eda a los gentiles. Despu\u00e9s, le dijo a Mar\u00eda que una espada atravesar\u00eda su alma, profetizando los sufrimientos que tendr\u00eda que afrontar.<br \/>Fiesta del d\u00eda de la Candelaria<br \/>En M\u00e9xico, se acostumbra que aquellos a quienes les toc\u00f3 el mu\u00f1eco de la rosca de reyes, son los que deber\u00e1n presentarlo en el templo el d\u00eda de la Candelas; para ello tienen que vestirlo y engalanarlo, y tambi\u00e9n, comprarle un trono para sentarlo.<br \/>Al respecto, en el caso de la capital del estado, en la plaza Constituci\u00f3n ubicada frente al mercado Primero de Mayo, durante esta temporada diversos comercios se establecen ofreciendo el servicio de \u201cvestir al Ni\u00f1o Dios\u201d.<br \/>Entre las vestimentas se encuentran el del Ni\u00f1o del buen consejo, de la caridad y el cobre, del rop\u00f3n, de la fe y el trabajo, de la misericordia, de bautizo, de las mariposas y de la suerte; y tambi\u00e9n solicitan vestirlo como San Miguel arc\u00e1ngel, San Benito Abad o San Charbel.<br \/>Es importante se\u00f1alar que adem\u00e1s de llevar a bendecir la imagen del Ni\u00f1o Dios, se hace lo mismo con las velas, que representan la luz de Cristo en los hogares, ya que las velas benditas se pueden prender cuando surjan las dificultades de la vida durante el a\u00f1o.<br \/>Esta fiesta termina con una merienda familiar y de amigos, en la cual se sirven tamales y atole de sabores y chocolate caliente.<\/p>\n","protected":false},"excerpt":{"rendered":"<p>CANDELARIAPresentaci\u00f3n del se\u00f1or en el templo y purificaci\u00f3n de la virgen<\/p>\n","protected":false},"author":93,"featured_media":0,"comment_status":"open","ping_status":"open","sticky":false,"template":"","format":"standard","meta":{"footnotes":""},"categories":[59],"tags":[],"class_list":["post-35771","post","type-post","status-publish","format-standard","hentry","category-general"],"_links":{"self":[{"href":"https:\/\/plazajuarez.mx\/historico\/wp-json\/wp\/v2\/posts\/35771","targetHints":{"allow":["GET"]}}],"collection":[{"href":"https:\/\/plazajuarez.mx\/historico\/wp-json\/wp\/v2\/posts"}],"about":[{"href":"https:\/\/plazajuarez.mx\/historico\/wp-json\/wp\/v2\/types\/post"}],"author":[{"embeddable":true,"href":"https:\/\/plazajuarez.mx\/historico\/wp-json\/wp\/v2\/users\/93"}],"replies":[{"embeddable":true,"href":"https:\/\/plazajuarez.mx\/historico\/wp-json\/wp\/v2\/comments?post=35771"}],"version-history":[{"count":0,"href":"https:\/\/plazajuarez.mx\/historico\/wp-json\/wp\/v2\/posts\/35771\/revisions"}],"wp:attachment":[{"href":"https:\/\/plazajuarez.mx\/historico\/wp-json\/wp\/v2\/media?parent=35771"}],"wp:term":[{"taxonomy":"category","embeddable":true,"href":"https:\/\/plazajuarez.mx\/historico\/wp-json\/wp\/v2\/categories?post=35771"},{"taxonomy":"post_tag","embeddable":true,"href":"https:\/\/plazajuarez.mx\/historico\/wp-json\/wp\/v2\/tags?post=35771"}],"curies":[{"name":"wp","href":"https:\/\/api.w.org\/{rel}","templated":true}]}}