{"id":35756,"date":"2017-02-01T13:18:30","date_gmt":"2017-02-01T13:18:30","guid":{"rendered":"http:\/\/plazajuarez.mx\/index\/index.php\/2017\/02\/01\/despues-del-saqueo-y-vandalizacion-del-4-de-enero-tiendas-oxxo-continuan-cerradas\/"},"modified":"2017-02-01T13:18:30","modified_gmt":"2017-02-01T13:18:30","slug":"despues-del-saqueo-y-vandalizacion-del-4-de-enero-tiendas-oxxo-continuan-cerradas","status":"publish","type":"post","link":"https:\/\/plazajuarez.mx\/historico\/despues-del-saqueo-y-vandalizacion-del-4-de-enero-tiendas-oxxo-continuan-cerradas\/","title":{"rendered":"Despu\u00e9s del saqueo y vandalizaci\u00f3n del 4 de enero, tiendas Oxxo contin\u00faan cerradas"},"content":{"rendered":"<p>Actopan<\/p>\n<p>En respuesta a estos eventos violentos, la cadena comercial ha dejado de brindar servicio<br \/>Comercial Mexicana y Aurrera han comenzado a brindar servicio. Sin embargo, en caso de autorizarse nuevamente el aumento al precio de gasolinas como tiene previsto el gobierno federal, el pr\u00f3ximo s\u00e1bado, estas tiendas eval\u00faan la posibilidad de cerrar sus puertas ante posibles nuevos saqueos <\/p>\n<p>  <!--more-->  <\/p>\n<p>A pesar que la mayor parte de la regi\u00f3n del Mezquital ha retornado la normalidad del comercio, en Actopan contin\u00faan las tiendas de conveniencia Oxxo cerradas, esto luego de las manifestaciones del 4 de enero, cuando algunas fueron saqueadas y violentadas por grupos vand\u00e1licos. <br \/>Tras el saqueo a tiendas departamentales en Actopan y el saqueo de un Oxxo, todas las tiendas de esta cadena, desde entonces, aparecen cerradas, ninguna ha dado servicio, incluso se encuentran cubiertas con cart\u00f3n. <br \/>El cuatro de enero, la tienda Oxxo ubicada en La Cima en el municipio de Actopan fue saqueada y vandalizada, mientras que otra m\u00e1s, en El Jiadi en el municipio de El Arenal, a unos 500 metros aproximadamente, tambi\u00e9n sufri\u00f3 saqueos, por la noche e incendiada. <br \/>En respuesta a estos eventos violentos, la cadena comercial ha dejado de brindar servicio, hasta ahora autoridades municipales mantienen vigilancia de estos establecimientos para evitar que nuevamente sean vandalizados. <br \/>Desde el municipio de El Arenal hasta Patria Nueva, en el municipio de Santiago de Anaya, donde existen un promedio de siete tiendas de este tipo sobre la carretera M\u00e9xico-Laredo, contin\u00faan sin brindar servicio, debido a\u00a0 las amenazas de m\u00e1s actos violentos. <br \/>Por su parte, autoridades municipales informaron, que las tiendas Comercial Mexicana y Aurrera, han comenzado a brindar servicio de manera ordinaria, estas dos cadenas tambi\u00e9n sufrieron problemas con los saqueos el cuatro del enero. <br \/>En caso de autorizarse nuevamente el aumento al precio de gasolinas como tiene previsto el gobierno federal, el pr\u00f3ximo s\u00e1bado cuatro, estas tiendas comerciales eval\u00faan la posibilidad de cerrar sus puertas ante posibles nuevos saqueos. <br \/>Cabe se\u00f1alar, que de acuerdo a diversos medios de comunicaci\u00f3n nacionales, la Secretar\u00eda de Hacienda y Cr\u00e9dito P\u00fablico (SHCP), podr\u00eda cancelar el gasolinazo programado para este s\u00e1bado.<\/p>\n","protected":false},"excerpt":{"rendered":"<p>Actopan En respuesta a estos eventos violentos, la cadena comercial ha dejado de brindar servicioComercial Mexicana y Aurrera han comenzado a brindar servicio. Sin embargo, en caso de autorizarse nuevamente el aumento al precio de gasolinas como tiene previsto el gobierno federal, el pr\u00f3ximo s\u00e1bado, estas tiendas eval\u00faan la posibilidad de cerrar sus puertas ante [&hellip;]<\/p>\n","protected":false},"author":93,"featured_media":0,"comment_status":"open","ping_status":"open","sticky":false,"template":"","format":"standard","meta":{"footnotes":""},"categories":[40],"tags":[],"class_list":["post-35756","post","type-post","status-publish","format-standard","hentry","category-region"],"_links":{"self":[{"href":"https:\/\/plazajuarez.mx\/historico\/wp-json\/wp\/v2\/posts\/35756","targetHints":{"allow":["GET"]}}],"collection":[{"href":"https:\/\/plazajuarez.mx\/historico\/wp-json\/wp\/v2\/posts"}],"about":[{"href":"https:\/\/plazajuarez.mx\/historico\/wp-json\/wp\/v2\/types\/post"}],"author":[{"embeddable":true,"href":"https:\/\/plazajuarez.mx\/historico\/wp-json\/wp\/v2\/users\/93"}],"replies":[{"embeddable":true,"href":"https:\/\/plazajuarez.mx\/historico\/wp-json\/wp\/v2\/comments?post=35756"}],"version-history":[{"count":0,"href":"https:\/\/plazajuarez.mx\/historico\/wp-json\/wp\/v2\/posts\/35756\/revisions"}],"wp:attachment":[{"href":"https:\/\/plazajuarez.mx\/historico\/wp-json\/wp\/v2\/media?parent=35756"}],"wp:term":[{"taxonomy":"category","embeddable":true,"href":"https:\/\/plazajuarez.mx\/historico\/wp-json\/wp\/v2\/categories?post=35756"},{"taxonomy":"post_tag","embeddable":true,"href":"https:\/\/plazajuarez.mx\/historico\/wp-json\/wp\/v2\/tags?post=35756"}],"curies":[{"name":"wp","href":"https:\/\/api.w.org\/{rel}","templated":true}]}}