{"id":35695,"date":"2017-01-31T12:37:49","date_gmt":"2017-01-31T12:37:49","guid":{"rendered":"http:\/\/plazajuarez.mx\/index\/index.php\/2017\/01\/31\/oscar-angeles-garcia-responde-a-isidro-pedraza-chavez\/"},"modified":"2017-01-31T12:37:49","modified_gmt":"2017-01-31T12:37:49","slug":"oscar-angeles-garcia-responde-a-isidro-pedraza-chavez","status":"publish","type":"post","link":"https:\/\/plazajuarez.mx\/historico\/oscar-angeles-garcia-responde-a-isidro-pedraza-chavez\/","title":{"rendered":"\u00d3scar \u00c1ngeles Garc\u00eda responde a Isidro Pedraza Ch\u00e1vez"},"content":{"rendered":"<p>Alfajayucan <\/p>\n<p>El Senador acus\u00f3 al expresidente municipal de llevarse 28 millones de pesos del erario los \u00faltimos cuatro d\u00edas que estuvo al frente del Ayuntamiento\u00a0 <br \/>Primero le pide pruebas de su acusaci\u00f3n y luego se lanza contra el senador: \u201cT\u00fa m\u00e9todo de supervivencia pol\u00edtica, rastrera y sin huevos est\u00e1 en extinci\u00f3n en estos tiempos. Ante la autoridad que se acredite lo que estableces, no ante tu club de fans\u201d (sic).<\/p>\n<p>  <!--more-->  <\/p>\n<p>El expresidente municipal de Alfajayucan, \u00d3scar \u00c1ngeles Garc\u00eda, sali\u00f3 en su defensa, sobre unas declaraciones p\u00fablicas hechas por el senador Isidro Pedraza Ch\u00e1vez, que lo responsabiliza de haberse llevado 28 millones de pesos del erario en los \u00faltimos cuatro d\u00edas que estuvo al frente el Ayuntamiento, es decir en septiembre del 2015. <br \/>En su cuenta de Facebook, el expresidente cuestion\u00f3 al Senador del PRD, no s\u00f3lo por su labor en la C\u00e1mara Alta, sino que le pidi\u00f3 una explicaci\u00f3n efectiva sobre sus acusaciones. Asimismo, lo inst\u00f3 a presentar pruebas de sus dichos. <br \/>\u201c28 millones de pesos se notan, no se pueden esconder. Dime, si es que en verdad sabes \u00bfd\u00f3nde est\u00e1n?, te invito a que recorramos juntos mi municipio y sepas en qu\u00e9 se aplicaron\u201d (sic) se\u00f1ala el Ex alcalde. <br \/>Desafi\u00f3 al Senador a presentar sus pruebas ante las autoridades sobre el destino de los supuestos 28 millones de pesos sacados de las arcas municipales. \u201cT\u00fa m\u00e9todo de supervivencia pol\u00edtica, rastrera y sin huevos est\u00e1 en extinci\u00f3n en estos tiempos. Ante la autoridad que se acredite lo que estableces, no ante tu club de fans\u201d (sic). <br \/>Responsabiliz\u00f3 al Senador, de ser responsable de los hechos de violencia en Ixmiquilpan durante las protestas contra el gasolinazo los primeros d\u00edas de enero \u201c\u00bfd\u00f3nde estuviste a la hora de los trancazos?\u201d, deja a modo de pregunta. <br \/>Record\u00f3 que Isidro Pedraza fue responsable de las Reformas Estructurales a las que hoy ataca \u201ccon la camisa desgarrada\u201d. <br \/>Le record\u00f3 adem\u00e1s que las obras que gestion\u00f3 como Senador, dispuso de sus contratistas y compadres para construirlas.<br \/>\u201cYo s\u00ed tengo pruebas documentales de lo que se\u00f1al\u00f3. Y las exhibir\u00e9 en el momento preciso ante la autoridad para que confiesen sobre las mochadas que le daban\u201d, se\u00f1ala el texto escrito.<br \/>Igualmente le reprocha que gracias al Pacto por M\u00e9xico, \u201cel Senador se hizo de unos 150 millones de pesos en obra p\u00fablica, los cuales hizo pasar como parte de unos logros o de gesti\u00f3n. Presume como un logro de su chafa y vendida gesti\u00f3n\u201d (sic).\u00a0<\/p>\n","protected":false},"excerpt":{"rendered":"<p>Alfajayucan El Senador acus\u00f3 al expresidente municipal de llevarse 28 millones de pesos del erario los \u00faltimos cuatro d\u00edas que estuvo al frente del Ayuntamiento\u00a0 Primero le pide pruebas de su acusaci\u00f3n y luego se lanza contra el senador: \u201cT\u00fa m\u00e9todo de supervivencia pol\u00edtica, rastrera y sin huevos est\u00e1 en extinci\u00f3n en estos tiempos. Ante [&hellip;]<\/p>\n","protected":false},"author":93,"featured_media":0,"comment_status":"open","ping_status":"open","sticky":false,"template":"","format":"standard","meta":{"footnotes":""},"categories":[40],"tags":[],"class_list":["post-35695","post","type-post","status-publish","format-standard","hentry","category-region"],"_links":{"self":[{"href":"https:\/\/plazajuarez.mx\/historico\/wp-json\/wp\/v2\/posts\/35695","targetHints":{"allow":["GET"]}}],"collection":[{"href":"https:\/\/plazajuarez.mx\/historico\/wp-json\/wp\/v2\/posts"}],"about":[{"href":"https:\/\/plazajuarez.mx\/historico\/wp-json\/wp\/v2\/types\/post"}],"author":[{"embeddable":true,"href":"https:\/\/plazajuarez.mx\/historico\/wp-json\/wp\/v2\/users\/93"}],"replies":[{"embeddable":true,"href":"https:\/\/plazajuarez.mx\/historico\/wp-json\/wp\/v2\/comments?post=35695"}],"version-history":[{"count":0,"href":"https:\/\/plazajuarez.mx\/historico\/wp-json\/wp\/v2\/posts\/35695\/revisions"}],"wp:attachment":[{"href":"https:\/\/plazajuarez.mx\/historico\/wp-json\/wp\/v2\/media?parent=35695"}],"wp:term":[{"taxonomy":"category","embeddable":true,"href":"https:\/\/plazajuarez.mx\/historico\/wp-json\/wp\/v2\/categories?post=35695"},{"taxonomy":"post_tag","embeddable":true,"href":"https:\/\/plazajuarez.mx\/historico\/wp-json\/wp\/v2\/tags?post=35695"}],"curies":[{"name":"wp","href":"https:\/\/api.w.org\/{rel}","templated":true}]}}