{"id":35694,"date":"2017-01-31T12:37:12","date_gmt":"2017-01-31T12:37:12","guid":{"rendered":"http:\/\/plazajuarez.mx\/index\/index.php\/2017\/01\/31\/acusan-al-alcalde-de-pretender-debilitar-las-protestas-contra-el-gasolinazo\/"},"modified":"2017-01-31T12:37:12","modified_gmt":"2017-01-31T12:37:12","slug":"acusan-al-alcalde-de-pretender-debilitar-las-protestas-contra-el-gasolinazo","status":"publish","type":"post","link":"https:\/\/plazajuarez.mx\/historico\/acusan-al-alcalde-de-pretender-debilitar-las-protestas-contra-el-gasolinazo\/","title":{"rendered":"Acusan al Alcalde de pretender debilitar las protestas contra el gasolinazo"},"content":{"rendered":"<p>Ixmiquilpan<\/p>\n<p>Presuntamente se comprometi\u00f3 a debilitar la manifestaci\u00f3n; que act\u00faa en contubernio con el gobierno estatal y federal<br \/>Aseguran que Pascual Charrez se dio a la tarea de persuadir delegados municipales para debilitar el movimiento que se mantiene desde el dos de enero. <\/p>\n<p>  <!--more-->  <\/p>\n<p>Integrantes del movimiento que protesta contra el gasolinazo, nuevamente arremetieron contra el presidente municipal de Ixmiquilpan, Pascual Charrez Pedraza, por haber comprometido debilitar la manifestaci\u00f3n.<br \/>El fin de semana, nuevamente responsabilizaron al presidente municipal de actuar en contubernio con el gobierno del estado y federal, d\u00e1ndose a la tarea de persuadir delegados municipales para debilitar el movimiento que se mantiene desde el dos de enero. <br \/>El Presidente Municipal ha sido responsabilizado de haber solicitado la presencia de la fuerza p\u00fablica aquel cinco de enero pasado, cuando 25 personas salieron lesionadas y dos j\u00f3venes perdieron la vida.<br \/>Hasta ahora, Pascual Charrez no ha aclarado su responsabilidad institucional y personal en la represi\u00f3n policiaca del cinco de enero, tampoco ha recibido a integrantes de este movimiento quienes lo han buscado para aclarar el tema. <br \/>Presidencia municipal se ha negado a responder sobre la intervenci\u00f3n del Alcalde, sin embargo s\u00ed se han difundido las acciones realizadas para aminorar el impacto de las movilizaciones anti gasolinazo. <br \/>El Ayuntamiento ha sido acusado tambi\u00e9n de organizar al menos dos manifestaciones, una de trabajadores de tiendas departamentales y de conveniencia, as\u00ed como otra de mujeres donde participaron en su mayor\u00eda empleadas de la Presidencia Municipal.<br \/>Sin embargo, el Alcalde s\u00ed ha sostenido negociaciones con delegados municipales. Anunci\u00f3 que ser\u00edan cerca de 120 de los 150 en el municipio, que respaldan un documento en el que autoridades de las comunidades rechazan el movimiento que se realiza en el municipio de protesta contra el incremento de precios de los combustibles. <br \/>Sin embargo, este fin de semana, los integrantes del movimiento que protesta contra el incremento de precios de los combustibles anunciaron que continuar\u00e1n con las manifestaciones pac\u00edficas, haciendo caso omiso al Alcalde, quien ha pedido dejar de protestar. Cabe se\u00f1alar, que \u00e9l ofreci\u00f3 manifestarse con 50 mil personas ante el Congreso de la Uni\u00f3n para pedir que los legisladores federales dieran reversa al gasolinazo.<\/p>\n","protected":false},"excerpt":{"rendered":"<p>Ixmiquilpan Presuntamente se comprometi\u00f3 a debilitar la manifestaci\u00f3n; que act\u00faa en contubernio con el gobierno estatal y federalAseguran que Pascual Charrez se dio a la tarea de persuadir delegados municipales para debilitar el movimiento que se mantiene desde el dos de enero.<\/p>\n","protected":false},"author":93,"featured_media":0,"comment_status":"open","ping_status":"open","sticky":false,"template":"","format":"standard","meta":{"footnotes":""},"categories":[40],"tags":[],"class_list":["post-35694","post","type-post","status-publish","format-standard","hentry","category-region"],"_links":{"self":[{"href":"https:\/\/plazajuarez.mx\/historico\/wp-json\/wp\/v2\/posts\/35694","targetHints":{"allow":["GET"]}}],"collection":[{"href":"https:\/\/plazajuarez.mx\/historico\/wp-json\/wp\/v2\/posts"}],"about":[{"href":"https:\/\/plazajuarez.mx\/historico\/wp-json\/wp\/v2\/types\/post"}],"author":[{"embeddable":true,"href":"https:\/\/plazajuarez.mx\/historico\/wp-json\/wp\/v2\/users\/93"}],"replies":[{"embeddable":true,"href":"https:\/\/plazajuarez.mx\/historico\/wp-json\/wp\/v2\/comments?post=35694"}],"version-history":[{"count":0,"href":"https:\/\/plazajuarez.mx\/historico\/wp-json\/wp\/v2\/posts\/35694\/revisions"}],"wp:attachment":[{"href":"https:\/\/plazajuarez.mx\/historico\/wp-json\/wp\/v2\/media?parent=35694"}],"wp:term":[{"taxonomy":"category","embeddable":true,"href":"https:\/\/plazajuarez.mx\/historico\/wp-json\/wp\/v2\/categories?post=35694"},{"taxonomy":"post_tag","embeddable":true,"href":"https:\/\/plazajuarez.mx\/historico\/wp-json\/wp\/v2\/tags?post=35694"}],"curies":[{"name":"wp","href":"https:\/\/api.w.org\/{rel}","templated":true}]}}