{"id":35691,"date":"2017-01-31T12:33:47","date_gmt":"2017-01-31T12:33:47","guid":{"rendered":"http:\/\/plazajuarez.mx\/index\/index.php\/2017\/01\/31\/futbol-nacional-636\/"},"modified":"2017-01-31T12:33:47","modified_gmt":"2017-01-31T12:33:47","slug":"futbol-nacional-636","status":"publish","type":"post","link":"https:\/\/plazajuarez.mx\/historico\/futbol-nacional-636\/","title":{"rendered":"Futbol Nacional"},"content":{"rendered":"<p>#PUMAS<br \/>Pumas es un grupo de valientes: Palencia <br \/>Luego de cuatro fechas del campeonato mexicano, el entrenador de los Pumas de la Universidad Nacional Aut\u00f3noma de M\u00e9xico (UNAM), afirma que su grupo se encuentra unido y lo motivan estos resultados positivos <\/p>\n<p>  <!--more-->  <\/p>\n<p>\u201cTrabajamos con el plan, lo hemos hecho, no bajar los brazos, nunca rendirnos, es una bandera que llevamos en el coraz\u00f3n\u201d, Francisco Palencia <\/p>\n<p>El t\u00e9cnico Juan Francisco Palencia describi\u00f3 a sus Pumas como un equipo \u201cvaliente\u201d, una virtud que lo ilusiona, tras cuatro fechas del Clausura 2017.<br \/>\u201cLa mayor virtud de este equipo es que no se rinde, es valiente. Obviamente que sumar tres victorias ilusiona a la gente y a nosotros\u201d, dijo el entrenador de los felinos en conferencia de prensa.<br \/>De igual modo, el estratega auriazul se dijo satisfecho por el entendimiento de sus pupilos con el esquema de juego, el cual les ha brindado tres victorias en el torneo.<br \/>\u201cTrabajamos con el plan, lo hemos hecho, no bajar los brazos, nunca rendirnos, es una bandera que llevamos en el coraz\u00f3n\u201d, dijo. \u201cNo s\u00f3lo se gana con correr\u201d. <br \/>Respecto de las lesiones que obligaron las salidas del portero Alejandro Palacios y del medio Pablo Barrera, \u2018Paco\u2019 se\u00f1al\u00f3 que \u201c\u2018Pikol\u00edn\u2019 dijo honestamente que no pod\u00eda seguir, hay que evaluarlo; lo de Barrera fue contractura, pero no es grave\u201d.<br \/>Sin embargo, el suspenso cae en el uruguayo Mat\u00edas Britos, notable ausencia en el Pedregal. \u201cNo se pudo recuperar en la semana, decidimos no arriesgarlo\u201d, aclar\u00f3 con el respaldo de su plantel.<br \/>**<br \/>#EN REDES SOCIALES <br \/>\u00a0\u201cCHICHARITO\u201d Y ORIBE PERALTA RESPONDEN A TRUMP <\/p>\n<p>Despu\u00e9s de la pol\u00e9mica que ha generado Donald Trump con sus declaraciones, varios deportistas, organismos y equipos se han pronunciado en contra de las pol\u00edticas del presidente de Estados Unidos, en especial, las que est\u00e1n relacionadas con M\u00e9xico.<br \/>Uno de ellos es el delantero mexicano Oribe Peralta, quien public\u00f3 este 30 de enero un mensaje en su cuenta de Twitter, en donde le \u201cagradece\u201d a Trump la postura que ha tomado respecto al pa\u00eds azteca y sus ciudadanos, resaltando en una imagen varias de cualidades y el apoyo que ha recibido gracias a su postura.<br \/>\u201cTiempo de mostrarle al mundo cu\u00e1n grande es M\u00e9xico#MexicoUnido\u201d, escribi\u00f3 el futbolista. <br \/>El mensaje del \u201cCepillo\u201d aparece un d\u00eda despu\u00e9s de que su colega, el delantero mexicano Javier Hern\u00e1ndez, publicara tambi\u00e9n en su red sociedad una carta que destaca las aptitudes de su compatriotas \u201cdel otro lado del muro\u201d.<br \/>\u201cM\u00e9xico en mi coraz\u00f3n. Orgulloso de ser mexicano hoy y siempre. Hoy unidos m\u00e1s que nunca. \u00a1Viva M\u00e9xico!\u201d public\u00f3 Hern\u00e1ndez. <br \/>En las \u00faltimas horas, las pol\u00edticas de Donald Trump generaron varias reacciones en el mundo deportivo, debido a la pol\u00e9mica orden ejecutiva que proh\u00edbe por tres meses el ingreso al territorio estadounidense de ciudadanos de siete pa\u00edses musulmanes.<\/p>\n<p>**<br \/>Ricardo Vali\u00f1o deja de ser DT de Puebla; Cardozo llega al relevo <br \/>\u00a0En un comunicado, el Club Puebla dio a conocer que el entrenador argentino Ricardo Vali\u00f1o ha dejado de ser el entrenador del equipo.<br \/>Instantes despu\u00e9s, en una entrevista con la cadena TVC, el presidente del club, Carlos L\u00f3pez Dom\u00ednguez, afirm\u00f3 que el paraguayo Jos\u00e9 Saturnino Cardozo ser\u00eda presentado\u00a0 hoy como nuevo estratega de La Franja.<br \/>El equipo poblano tendr\u00e1 su siguiente compromiso este viernes por la noche cuando enfrente en el estadio Cuauht\u00e9moc a los Rojinegros del Atlas, con parte de las acciones de la jornada 5 del Clausura 2017 de la Liga Mx.<br \/>En otro tema diferente,\u00a0 la Comisi\u00f3n Disciplinaria de la Liga Mx inform\u00f3 que tras los encuentros de la jornada 4 del torneo Clausura 2017, el \u00fanico jugador suspendido para la siguiente fecha ser\u00e1 el colombiano Edwin Cardona, del Monterrey.<br \/>Cardona fue expulsado al minuto 21 del encuentro entre los Rayados y Le\u00f3n, que tuvo lugar en el Estadio BBVA Bancomer este 28 de enero. En las acciones, el mediocampista sudamericano agredi\u00f3 con el codo a Fernando Navarro, volante de Le\u00f3n, cuando ambos disputaban un bal\u00f3n a\u00e9reo. El encuentro termin\u00f3 empatado sin goles.<br \/>Con la medida anunciada, Cardona se perder\u00e1 la jornada 5.<\/p>\n","protected":false},"excerpt":{"rendered":"<p>#PUMASPumas es un grupo de valientes: Palencia Luego de cuatro fechas del campeonato mexicano, el entrenador de los Pumas de la Universidad Nacional Aut\u00f3noma de M\u00e9xico (UNAM), afirma que su grupo se encuentra unido y lo motivan estos resultados positivos<\/p>\n","protected":false},"author":93,"featured_media":0,"comment_status":"open","ping_status":"open","sticky":false,"template":"","format":"standard","meta":{"footnotes":""},"categories":[39],"tags":[],"class_list":["post-35691","post","type-post","status-publish","format-standard","hentry","category-deportiva"],"_links":{"self":[{"href":"https:\/\/plazajuarez.mx\/historico\/wp-json\/wp\/v2\/posts\/35691","targetHints":{"allow":["GET"]}}],"collection":[{"href":"https:\/\/plazajuarez.mx\/historico\/wp-json\/wp\/v2\/posts"}],"about":[{"href":"https:\/\/plazajuarez.mx\/historico\/wp-json\/wp\/v2\/types\/post"}],"author":[{"embeddable":true,"href":"https:\/\/plazajuarez.mx\/historico\/wp-json\/wp\/v2\/users\/93"}],"replies":[{"embeddable":true,"href":"https:\/\/plazajuarez.mx\/historico\/wp-json\/wp\/v2\/comments?post=35691"}],"version-history":[{"count":0,"href":"https:\/\/plazajuarez.mx\/historico\/wp-json\/wp\/v2\/posts\/35691\/revisions"}],"wp:attachment":[{"href":"https:\/\/plazajuarez.mx\/historico\/wp-json\/wp\/v2\/media?parent=35691"}],"wp:term":[{"taxonomy":"category","embeddable":true,"href":"https:\/\/plazajuarez.mx\/historico\/wp-json\/wp\/v2\/categories?post=35691"},{"taxonomy":"post_tag","embeddable":true,"href":"https:\/\/plazajuarez.mx\/historico\/wp-json\/wp\/v2\/tags?post=35691"}],"curies":[{"name":"wp","href":"https:\/\/api.w.org\/{rel}","templated":true}]}}