{"id":35689,"date":"2017-01-31T12:32:31","date_gmt":"2017-01-31T12:32:31","guid":{"rendered":"http:\/\/plazajuarez.mx\/index\/index.php\/2017\/01\/31\/mundo-deportivo-84\/"},"modified":"2017-01-31T12:32:31","modified_gmt":"2017-01-31T12:32:31","slug":"mundo-deportivo-84","status":"publish","type":"post","link":"https:\/\/plazajuarez.mx\/historico\/mundo-deportivo-84\/","title":{"rendered":"MUNDO DEPORTIVO"},"content":{"rendered":"<p>#DEPORTE BLANCO<br \/>NUEVOS MOVIMIENTOS EN RANKING MUNDIAL<br \/>Roger Federer, tras seis meses inactivo, regres\u00f3 de manera categ\u00f3rica\u00a0 al Top 10<\/p>\n<p>  <!--more-->  <\/p>\n<p>DATO<br \/>Rafael Nadal se ubic\u00f3 en la posici\u00f3n n\u00famero 16 <\/p>\n<p>Como suele ocurrir, un Grand Slam provoca cambios importantes en el ranking mundial. En este caso, Roger Federer, tras seis meses inactivo, volvi\u00f3 a ver acci\u00f3n oficialmente y lo hizo nada menos que ganando el Abierto de Australia, por lo que su hist\u00f3rico 18\u00ba t\u00edtulo en un Major le permiti\u00f3 regresar al Top 10 de la ATP. Adem\u00e1s, Rafael Nadal, su vencido en la final de Melbourne, subi\u00f3 al 6\u00ba puesto del listado. Ambos tenistas realizaron un extraordinario partido, donde las emociones nunca terminaron.<br \/>Semifinalista en Wimbledon 2016, Federer retorn\u00f3 en el primer gran torneo de 2017, derrot\u00f3 a cuatro de los 10 primeros del mundo para terminar consiguiendo una haza\u00f1a de pel\u00edcula. Con 35 a\u00f1os y medio, el suizo, que hizo semis en Melbourne hace 12 meses, ascendi\u00f3 as\u00ed siete posiciones para convertirse nuevamente en Top 10. Sin dudas, un plus gracias a su magn\u00edfico triunfo, el primero en un Major tras coronarse en Wimbledon en 2012.<br \/>Por su parte, Nadal, finalista en un supertorneo luego de tres a\u00f1os, perdi\u00f3 la definici\u00f3n en cinco sets ante Federer y el arribo a la instancia decisiva le vali\u00f3 avanzar tres plazas en el ranking. As\u00ed, el espa\u00f1ol pas\u00f3 al 6\u00ba lugar de la clasificaci\u00f3n, mientras que el que invirti\u00f3 las posiciones con \u00e9l fue el franc\u00e9s Gael Monfils.<br \/>En la parte m\u00e1s alta, el escoc\u00e9s Andy Murray, que defend\u00eda los puntos de la final pasada, mantuvo el N\u00ba1 del ranking ATP tras caer inesperadamente en octavos de final. Tambi\u00e9n contin\u00faa como escolta el serbio Novak Djokovic, quien era el campe\u00f3n defensor, pese a sufrir una dur\u00edsima ca\u00edda en la segunda ronda del primer Major de la temporada.<br \/>El que avanz\u00f3 una plaza y volvi\u00f3 al podio fue Stan Wawrinka. El suizo, que hizo semis, donde perdi\u00f3 con Federer, desplaz\u00f3 al canadiense Milos Raonic del tercer sitio del listado internacional. En tanto, el b\u00falgaro Grigor Dimitrov, que jug\u00f3 impecable y perdi\u00f3 con lo justo con Nadal en semi, mejor\u00f3 dos puestos para ser ahora 13\u00ba.<br \/>Entre los latinoamericanos, el uruguayo Pablo Cuevas, eliminado en el debut, sigue como l\u00edder. Avanz\u00f3 un lugar y marcha 21\u00ba, seguido por el argentino Juan Mart\u00edn del Potro, ausente en Australia, quien tambi\u00e9n ascendi\u00f3 una posici\u00f3n para situarse 38\u00ba.<\/p>\n","protected":false},"excerpt":{"rendered":"<p>#DEPORTE BLANCONUEVOS MOVIMIENTOS EN RANKING MUNDIALRoger Federer, tras seis meses inactivo, regres\u00f3 de manera categ\u00f3rica\u00a0 al Top 10<\/p>\n","protected":false},"author":93,"featured_media":0,"comment_status":"open","ping_status":"open","sticky":false,"template":"","format":"standard","meta":{"footnotes":""},"categories":[39],"tags":[],"class_list":["post-35689","post","type-post","status-publish","format-standard","hentry","category-deportiva"],"_links":{"self":[{"href":"https:\/\/plazajuarez.mx\/historico\/wp-json\/wp\/v2\/posts\/35689","targetHints":{"allow":["GET"]}}],"collection":[{"href":"https:\/\/plazajuarez.mx\/historico\/wp-json\/wp\/v2\/posts"}],"about":[{"href":"https:\/\/plazajuarez.mx\/historico\/wp-json\/wp\/v2\/types\/post"}],"author":[{"embeddable":true,"href":"https:\/\/plazajuarez.mx\/historico\/wp-json\/wp\/v2\/users\/93"}],"replies":[{"embeddable":true,"href":"https:\/\/plazajuarez.mx\/historico\/wp-json\/wp\/v2\/comments?post=35689"}],"version-history":[{"count":0,"href":"https:\/\/plazajuarez.mx\/historico\/wp-json\/wp\/v2\/posts\/35689\/revisions"}],"wp:attachment":[{"href":"https:\/\/plazajuarez.mx\/historico\/wp-json\/wp\/v2\/media?parent=35689"}],"wp:term":[{"taxonomy":"category","embeddable":true,"href":"https:\/\/plazajuarez.mx\/historico\/wp-json\/wp\/v2\/categories?post=35689"},{"taxonomy":"post_tag","embeddable":true,"href":"https:\/\/plazajuarez.mx\/historico\/wp-json\/wp\/v2\/tags?post=35689"}],"curies":[{"name":"wp","href":"https:\/\/api.w.org\/{rel}","templated":true}]}}