{"id":35686,"date":"2017-01-31T12:29:29","date_gmt":"2017-01-31T12:29:29","guid":{"rendered":"http:\/\/plazajuarez.mx\/index\/index.php\/2017\/01\/31\/en-investigacion-el-asesinato-de-jovenes-de-ixmiquilpan\/"},"modified":"2017-01-31T12:29:29","modified_gmt":"2017-01-31T12:29:29","slug":"en-investigacion-el-asesinato-de-jovenes-de-ixmiquilpan","status":"publish","type":"post","link":"https:\/\/plazajuarez.mx\/historico\/en-investigacion-el-asesinato-de-jovenes-de-ixmiquilpan\/","title":{"rendered":"En investigaci\u00f3n el asesinato de j\u00f3venes de Ixmiquilpan"},"content":{"rendered":"<p>ASEGURA EL PROCURADOR DE HIDALGO\u00a0 <\/p>\n<p>Se trabaja sobre el se\u00f1alamiento que han hecho los pobladores sobre la presunta responsabilidad de los polic\u00edas federales<\/p>\n<p>  <!--more-->  <\/p>\n<p>Javier Ramiro Lara Salinas, procurador de justicia de Hidalgo, asegur\u00f3 que en el asesinato de dos j\u00f3venes de Ixmiquilpan durante el enfrentamiento entre pobladores y polic\u00edas, se siguen varias l\u00edneas de investigaci\u00f3n para determinar qui\u00e9n fue el culpable de estos hechos.<br \/>Precis\u00f3 que entre las investigaciones se trabaja sobre el se\u00f1alamiento que han hecho los pobladores sobre la presunta responsabilidad de los polic\u00edas federales.<br \/>&#8220;Es una investigaci\u00f3n en donde por la manera en que se suscitaron los hechos, que fueron muy lamentables y violentos, se ha complicado la averiguaci\u00f3n&#8221;.<br \/>Precis\u00f3 que se han tenido problemas en recabar las evidencias encontradas en el lugar; sin embargo, hay l\u00edneas de investigaci\u00f3n claras y exhort\u00f3 a la poblaci\u00f3n que se haya percatado para que de manera contundente y responsable puedan entregar material probatorio.<br \/>Dijo que las puertas de la Procuradur\u00eda est\u00e1n abiertas para recibir pruebas, siempre que \u00e9stas sean ver\u00eddicas y objetivas; adem\u00e1s, asegur\u00f3 que las l\u00edneas de investigaci\u00f3n van en el sentido de la participaci\u00f3n de la Polic\u00eda Federal, pero tambi\u00e9n hay otras que se siguen.<br \/>Aunque hay algunos avances, el funcionario destac\u00f3 que no es posible que se pueda dar un informe hasta que se termine la investigaci\u00f3n, ya que si no se violentar\u00edan los trabajos, &#8220;en su momento nos vamos a pronunciar&#8221;.<br \/>Lara Salinas indic\u00f3 que se est\u00e1 tomando todo el material que se dio el d\u00eda del enfrentamiento, as\u00ed como la valoraci\u00f3n de los informes policiacos y de algunas pruebas periciales, a fin de poder llegar al conocimiento de los hechos registrados y que derivaron en la muerte de los dos j\u00f3venes.<br \/>Durante los disturbios que se dieron al intentar desalojar la carretera federal M\u00e9xico-Laredo fueron asesinados los j\u00f3venes Fredy Garc\u00eda y Alan Guti\u00e9rrez, originarios de las comunidades de Maguey Blanco y Dios Padre.<\/p>\n","protected":false},"excerpt":{"rendered":"<p>ASEGURA EL PROCURADOR DE HIDALGO\u00a0 Se trabaja sobre el se\u00f1alamiento que han hecho los pobladores sobre la presunta responsabilidad de los polic\u00edas federales<\/p>\n","protected":false},"author":93,"featured_media":0,"comment_status":"open","ping_status":"open","sticky":false,"template":"","format":"standard","meta":{"footnotes":""},"categories":[37],"tags":[],"class_list":["post-35686","post","type-post","status-publish","format-standard","hentry","category-barandilla"],"_links":{"self":[{"href":"https:\/\/plazajuarez.mx\/historico\/wp-json\/wp\/v2\/posts\/35686","targetHints":{"allow":["GET"]}}],"collection":[{"href":"https:\/\/plazajuarez.mx\/historico\/wp-json\/wp\/v2\/posts"}],"about":[{"href":"https:\/\/plazajuarez.mx\/historico\/wp-json\/wp\/v2\/types\/post"}],"author":[{"embeddable":true,"href":"https:\/\/plazajuarez.mx\/historico\/wp-json\/wp\/v2\/users\/93"}],"replies":[{"embeddable":true,"href":"https:\/\/plazajuarez.mx\/historico\/wp-json\/wp\/v2\/comments?post=35686"}],"version-history":[{"count":0,"href":"https:\/\/plazajuarez.mx\/historico\/wp-json\/wp\/v2\/posts\/35686\/revisions"}],"wp:attachment":[{"href":"https:\/\/plazajuarez.mx\/historico\/wp-json\/wp\/v2\/media?parent=35686"}],"wp:term":[{"taxonomy":"category","embeddable":true,"href":"https:\/\/plazajuarez.mx\/historico\/wp-json\/wp\/v2\/categories?post=35686"},{"taxonomy":"post_tag","embeddable":true,"href":"https:\/\/plazajuarez.mx\/historico\/wp-json\/wp\/v2\/tags?post=35686"}],"curies":[{"name":"wp","href":"https:\/\/api.w.org\/{rel}","templated":true}]}}