{"id":35683,"date":"2017-01-31T12:29:26","date_gmt":"2017-01-31T12:29:26","guid":{"rendered":"http:\/\/plazajuarez.mx\/index\/index.php\/2017\/01\/31\/vinculan-a-proceso-a-hijo-de-el-azul-y-su-escolta\/"},"modified":"2017-01-31T12:29:26","modified_gmt":"2017-01-31T12:29:26","slug":"vinculan-a-proceso-a-hijo-de-el-azul-y-su-escolta","status":"publish","type":"post","link":"https:\/\/plazajuarez.mx\/historico\/vinculan-a-proceso-a-hijo-de-el-azul-y-su-escolta\/","title":{"rendered":"Vinculan a proceso a hijo de &#8220;El Azul&#8221; y su escolta"},"content":{"rendered":"<p>POR DELITOS CONTRA LA SALUD <\/p>\n<p>Permanecer\u00e1n internos en el Centro de Ejecuci\u00f3n de las Consecuencias Jur\u00eddicas del Delito, en Culiac\u00e1n<\/p>\n<p>  <!--more-->  <\/p>\n<p>Juan Jos\u00e9 Esparrogoza Monz\u00f3n, hijo de Juan Jos\u00e9 Esparragoza Moreno, &#8220;El Azul&#8221;, y su escolta, Jes\u00fas Alfonso R\u00edos G\u00f3mez, fueron vinculados a proceso por delitos contra la salud en su modalidad de posesi\u00f3n con fines de venta del estupefaciente denominado clorhidrato de coca\u00edna y portaci\u00f3n de arma de fuego de uso exclusivo del Ej\u00e9rcito, Armada y Fuerza A\u00e9rea.<br \/>Los imputados permanecer\u00e1n internos en el Centro de Ejecuci\u00f3n de las Consecuencias Jur\u00eddicas del Delito, en Culiac\u00e1n, Sinaloa, en lo que se determina su situaci\u00f3n jur\u00eddica.<br \/>La Procuradur\u00eda General de la Rep\u00fablica (PGR), a trav\u00e9s de la Subprocuradur\u00eda Especializada en Investigaci\u00f3n de Delincuencia Organizada (Seido), obtuvo la vinculaci\u00f3n a proceso del Juez de Control del Centro de Justicia Penal Federal con sede en Culiac\u00e1n, Sinaloa.<br \/>Esparragoza Monz\u00f3n, &#8220;El Negro&#8221;, fue detenido en el centro de Culiac\u00e1n por elementos de la Polic\u00eda Federal cuando viajaba en compa\u00f1\u00eda de su escolta. A los detenidos se les aseguraron tres armas y paquetes de coca\u00edna.<br \/>\u201cEl Negro\u201d era considerado uno de los 122 objetivos prioritarios del gobierno federal por su posici\u00f3n como operador financiero del C\u00e1rtel de Sinaloa, organizaci\u00f3n fundada por su padre en compa\u00f1\u00eda de Joaqu\u00edn \u201cEl Chapo\u201d Guzm\u00e1n e Ismael \u201cEl Mayo\u201d Zambada.<\/p>\n","protected":false},"excerpt":{"rendered":"<p>POR DELITOS CONTRA LA SALUD Permanecer\u00e1n internos en el Centro de Ejecuci\u00f3n de las Consecuencias Jur\u00eddicas del Delito, en Culiac\u00e1n<\/p>\n","protected":false},"author":93,"featured_media":0,"comment_status":"open","ping_status":"open","sticky":false,"template":"","format":"standard","meta":{"footnotes":""},"categories":[37],"tags":[],"class_list":["post-35683","post","type-post","status-publish","format-standard","hentry","category-barandilla"],"_links":{"self":[{"href":"https:\/\/plazajuarez.mx\/historico\/wp-json\/wp\/v2\/posts\/35683","targetHints":{"allow":["GET"]}}],"collection":[{"href":"https:\/\/plazajuarez.mx\/historico\/wp-json\/wp\/v2\/posts"}],"about":[{"href":"https:\/\/plazajuarez.mx\/historico\/wp-json\/wp\/v2\/types\/post"}],"author":[{"embeddable":true,"href":"https:\/\/plazajuarez.mx\/historico\/wp-json\/wp\/v2\/users\/93"}],"replies":[{"embeddable":true,"href":"https:\/\/plazajuarez.mx\/historico\/wp-json\/wp\/v2\/comments?post=35683"}],"version-history":[{"count":0,"href":"https:\/\/plazajuarez.mx\/historico\/wp-json\/wp\/v2\/posts\/35683\/revisions"}],"wp:attachment":[{"href":"https:\/\/plazajuarez.mx\/historico\/wp-json\/wp\/v2\/media?parent=35683"}],"wp:term":[{"taxonomy":"category","embeddable":true,"href":"https:\/\/plazajuarez.mx\/historico\/wp-json\/wp\/v2\/categories?post=35683"},{"taxonomy":"post_tag","embeddable":true,"href":"https:\/\/plazajuarez.mx\/historico\/wp-json\/wp\/v2\/tags?post=35683"}],"curies":[{"name":"wp","href":"https:\/\/api.w.org\/{rel}","templated":true}]}}