{"id":355,"date":"2015-02-06T06:00:00","date_gmt":"2015-02-06T06:00:00","guid":{"rendered":"http:\/\/plazajuarez.mx\/index\/index.php\/2015\/02\/06\/detienen-a-lider-horticultor-en-centro-nocturno-por-sacar-pistola-y-amenazar-a-otros\/"},"modified":"2015-02-06T06:00:00","modified_gmt":"2015-02-06T06:00:00","slug":"detienen-a-lider-horticultor-en-centro-nocturno-por-sacar-pistola-y-amenazar-a-otros","status":"publish","type":"post","link":"https:\/\/plazajuarez.mx\/historico\/detienen-a-lider-horticultor-en-centro-nocturno-por-sacar-pistola-y-amenazar-a-otros\/","title":{"rendered":"Detienen a l\u00edder horticultor en centro nocturno, por sacar pistola y amenazar a otros"},"content":{"rendered":"<p><strong>Ixmiquilpan<\/strong><\/p>\n<ul>\n<li><strong>Es decir, su detenci\u00f3n no tiene nada que ver con la orden de aprehensi\u00f3n librada en su contra el pasado cinco de diciembre <\/strong><\/li>\n<li><strong><strong>Ello, debido a que \u00e9l encabez\u00f3 al grupo de personas que se enfrentaron con la polic\u00eda estatal durante el operativo realizado para liberar al subsecretario, Gerardo Canales<\/strong><\/strong> <!--more--> <\/li>\n<\/ul>\n<p>Miguel Mundo Cervantes, l\u00edder horticultor de Ixmiquilpan, quien encabeza al grupo antag\u00f3nico al legalmente reconocido, fue detenido la madrugada de ayer en un centro nocturno \u201cDubai\u201d ubicado sobre la carretera M\u00e9xico-Laredo, a la altura de la comunidad de Dios Padre.<\/p>\n<p>De acuerdo a fuentes oficiales, estando en el lugar, debido a su estado et\u00edlico, sac\u00f3 un arma con la que amenaz\u00f3 a personas que ah\u00ed se encontraban, los responsables del establecimiento solicitaron ayuda de la polic\u00eda estatal quien arrib\u00f3 al sitio para asegurarlo.<\/p>\n<p>Portaba un arma corta calibre 22, motivo por el que fue asegurado y puesto a disposici\u00f3n de la Procuradur\u00eda General de la Rep\u00fablica (PGR), para iniciar las investigaciones correspondientes, su detenci\u00f3n no tuvo ninguna relaci\u00f3n con la orden de aprehensi\u00f3n librada en su contra el pasado cinco de diciembre del 2014.<\/p>\n<p>Quien fuera tambi\u00e9n delegado municipal de San Nicol\u00e1s Ixmiquilpan, ten\u00eda una orden de aprehensi\u00f3n en su contra por los hechos violentos del cinco de diciembre, debido a que \u00e9l encabez\u00f3 al grupo de personas que se enfrentaron con la polic\u00eda estatal durante el operativo realizado para liberar al subsecretario, Gerardo Canales.<\/p>\n<p>Pese a que un sector del grupo opositor, acept\u00f3 una tregua con el gobierno del estado, donde se comprometieron llevar su caso por la v\u00eda institucional y no social, Miguel Mundo, opt\u00f3 por mantenerse antag\u00f3nico junto con otras personas.<\/p>\n<p>Junto con Mundo Cervantes, otras 10 \u00f3rdenes de aprehensi\u00f3n se han librado contra el mismo n\u00famero de personas relacionadas con los hechos de diciembre pasado. En esa ocasi\u00f3n otras 10 personas fueron detenidas, de las cuales dos ya fueron puestas en libertad tras comprobar que no tuvieron ninguna relaci\u00f3n con el enfrentamiento violento.<\/p>\n<p>Cabe se\u00f1alar, que existe una negociaci\u00f3n entre el gobierno del estado, familiares de los detenidos y la defensa legal, para buscar una salida alterna, debido a que tanto los detenidos como los que contin\u00faan libres, enfrentan delitos como secuestro agravado.<\/p>\n","protected":false},"excerpt":{"rendered":"<p>Ixmiquilpan Es decir, su detenci\u00f3n no tiene nada que ver con la orden de aprehensi\u00f3n librada en su contra el pasado cinco de diciembre Ello, debido a que \u00e9l encabez\u00f3 al grupo de personas que se enfrentaron con la polic\u00eda estatal durante el operativo realizado para liberar al subsecretario, Gerardo Canales<\/p>\n","protected":false},"author":93,"featured_media":0,"comment_status":"open","ping_status":"open","sticky":false,"template":"","format":"standard","meta":{"footnotes":""},"categories":[40],"tags":[],"class_list":["post-355","post","type-post","status-publish","format-standard","hentry","category-region"],"_links":{"self":[{"href":"https:\/\/plazajuarez.mx\/historico\/wp-json\/wp\/v2\/posts\/355","targetHints":{"allow":["GET"]}}],"collection":[{"href":"https:\/\/plazajuarez.mx\/historico\/wp-json\/wp\/v2\/posts"}],"about":[{"href":"https:\/\/plazajuarez.mx\/historico\/wp-json\/wp\/v2\/types\/post"}],"author":[{"embeddable":true,"href":"https:\/\/plazajuarez.mx\/historico\/wp-json\/wp\/v2\/users\/93"}],"replies":[{"embeddable":true,"href":"https:\/\/plazajuarez.mx\/historico\/wp-json\/wp\/v2\/comments?post=355"}],"version-history":[{"count":0,"href":"https:\/\/plazajuarez.mx\/historico\/wp-json\/wp\/v2\/posts\/355\/revisions"}],"wp:attachment":[{"href":"https:\/\/plazajuarez.mx\/historico\/wp-json\/wp\/v2\/media?parent=355"}],"wp:term":[{"taxonomy":"category","embeddable":true,"href":"https:\/\/plazajuarez.mx\/historico\/wp-json\/wp\/v2\/categories?post=355"},{"taxonomy":"post_tag","embeddable":true,"href":"https:\/\/plazajuarez.mx\/historico\/wp-json\/wp\/v2\/tags?post=355"}],"curies":[{"name":"wp","href":"https:\/\/api.w.org\/{rel}","templated":true}]}}