{"id":35433,"date":"2017-01-26T12:54:13","date_gmt":"2017-01-26T12:54:13","guid":{"rendered":"http:\/\/plazajuarez.mx\/index\/index.php\/2017\/01\/26\/mochilazo-en-el-tiempo-41\/"},"modified":"2017-01-26T12:54:13","modified_gmt":"2017-01-26T12:54:13","slug":"mochilazo-en-el-tiempo-41","status":"publish","type":"post","link":"https:\/\/plazajuarez.mx\/historico\/mochilazo-en-el-tiempo-41\/","title":{"rendered":"Mochilazo en el tiempo"},"content":{"rendered":"<p>La vez que M\u00e9xico se declar\u00f3 en guerra<\/p>\n<p>  <!--more-->  <\/p>\n<p>El 28 de mayo de 1942 M\u00e9xico declar\u00f3 por primera vez en su historia la Guerra. El enemigo fue el Eje conformado por Alemania, Italia y Jap\u00f3n durante la Segunda Guerra Mundial. El motivo fue el hundimiento de dos barcos petroleros mexicanos por proyectiles alemanes: Potrero del Llano y Faja de Oro que abastec\u00edan a los Estados Unidos, el 13 y 20 de mayo de aquel a\u00f1o.<br \/>El entonces presidente Manuel \u00c1vila Camacho dijo en aquel discurso que se presentaba a cumplir \u201cel m\u00e1s grave de los deberes que incumbe a un jefe de Estado: el de someter a la representaci\u00f3n nacional la necesidad de acudir al \u00faltimo de los recursos de que dispone un pueblo\u2026ninguna consideraci\u00f3n detuvo a los agresores. Ni la neutralidad del pa\u00eds al que la nave pertenec\u00eda, ni que \u00e9sta llevase todos los signos externos de su nacionalidad\u201d, ni la humanidad de los que viajaban ah\u00ed dentro.<br \/>Fue hasta el 8 de mayo de 1944, que el gobierno mexicano anunci\u00f3 p\u00fablicamente que soldados nacionales ser\u00edan llevados a distintos frentes de batalla a mediados de julio.<br \/>M\u00e9xico participar\u00eda al lado de los Estados Unidos con una unidad expedicionaria que ayudar\u00eda a los aliados en la zona de las Filipinas, haciendo sobrevuelos de observaci\u00f3n y posicionamiento del enemigo para que los norteamericanos se internaran en la selva filipina y desterraran a los japoneses.<br \/>Se cre\u00f3 entonces la denominada Fuerza A\u00e9rea Expedicionaria Mexicana (FAEM), mejor conocida como Escuadr\u00f3n 201, conformado por al menos 300 hombres, integrado por elementos del servicio del Ej\u00e9rcito con antig\u00fcedad y experiencia y j\u00f3venes reci\u00e9n egresados de colegios militares y 62 civiles voluntarios que proven\u00edan de la F\u00e1brica de Materiales de Guerra. M\u00e1s tarde, en el campo de batalla, recibieron el sobrenombre de Las \u00c1guilas Aztecas.<br \/>Al inicio de la Segunda Guerra Mundial, Filipinas no era un pa\u00eds independiente. \u201cTodav\u00eda \u00e9ramos una colonia norteamericana, aunque ten\u00edamos un gobierno aut\u00f3nomo, Estados Unidos controlaba la pol\u00edtica exterior y la pol\u00edtica de la defensa de las islas\u201d, explica el Embajador de la Rep\u00fablica de Filipinas en M\u00e9xico, Eduardo Jos\u00e9 A. de Vega para EL UNIVERSAL.<br \/>El libro Escuadr\u00f3n 201. M\u00e9xico en la Segunda Guerra Mundial relata que una vez que el personal fue seleccionado, los integrantes del Escuadr\u00f3n 201 \u201cfueron despedidos (en M\u00e9xico) con flores, abrazos y palabras de aliento tanto por sus familiares como por una multitud euf\u00f3rica\u201d el 24 de julio de 1944 en la estaci\u00f3n de trenes de Buenavista, iban hacia Estados Unidos. All\u00e1 fueron entrenados en bases a\u00e9reas del estado de Texas para luego ir al campo de batalla, uni\u00e9ndose al grupo n\u00famero 58 de la Fuerza A\u00e9rea de los Estados Unidos, a cargo del general Douglas MacArthur en el Pac\u00edfico.<br \/>Partieron, inicialmente, a la ciudad de Nuevo Laredo, Tamaulipas, para llegar a Texas en donde fueron recibidos por autoridades civiles de aquella poblaci\u00f3n estadounidense y por una banda militar de aquella naci\u00f3n que interpret\u00f3 la pieza del compositor mexicano Genaro Codina, \u201cLa marcha de Zacatecas\u201d, la cual, por cierto, fue confundida por los que tocaban como el Himno Nacional Mexicano.<br \/>Luego de siete meses de preparaci\u00f3n en Texas concluyeron su adiestramiento en febrero de 1945. En esta etapa al menos dos murieron y los que se graduaron lo hicieron \u201ccon grado de excelencia\u201d.<br \/>-El arribo a Manila, Filipinas, y su actuaci\u00f3n<br \/>Corr\u00eda abril de 1945 cuando el Escuadr\u00f3n 201 lleg\u00f3 por fin a tierras filipinas con el objetivo de combatir a las tropas japonesas. En el pueblo de Porac, durante la ceremonia de arribo a las seis de la ma\u00f1ana, la bandera mexicana onde\u00f3 por primera vez en su historia en otro pa\u00eds en tiempos de guerra. En aquella naci\u00f3n, los miembros de esta unidad fueron recibidos con mucha emoci\u00f3n, incluso la gente les llev\u00f3 flores.<br \/>\u201cAh\u00ed se encontraba nuestra patria, su historia y el honor de toda una naci\u00f3n representada por su Ej\u00e9rcito que contribuir\u00eda a la liberaci\u00f3n de una naci\u00f3n hermana y a la derrota de una de las potencias del Eje, para restaurar la paz mundial; ideales por los que est\u00e1bamos dispuestos a dar la vida de ser necesario\u201d, se detalla en el libro en voz del sargento 2\u00b0 Fernando Nava Musa.<br \/>Desde entonces y debido al esfuerzo de Nava Musa, por decreto gubernamental nuestra bandera debe ondear a media asta cada 2 de mayo, como un homenaje y un recuerdo de la participaci\u00f3n del Escuadr\u00f3n en la Segunda Guerra Mundial, una acci\u00f3n que contin\u00faa realiz\u00e1ndose.<br \/>El embajador Jos\u00e9 A. de Vega refiere que en Porac, \u201clos ancianos todav\u00eda recuerdan a los mexicanos que fueron all\u00e1\u201d.<br \/>El embajador de la Rep\u00fablica de Filipinas en M\u00e9xico, Eduardo Jos\u00e9 A. de Vega recuerda que en una de las reuniones en las que estuvo presente con algunos miembros del Escuadr\u00f3n 201, \u201cun veterano coment\u00f3 que cuando los llamaron pensaron: &#8216;por qu\u00e9 voy a luchar contra Jap\u00f3n, si no me hicieron nada. Pero las palabras del presidente \u00c1vila Camacho fueron muy inspiradoras, quien mencion\u00f3 que ese era un compromiso que M\u00e9xico deb\u00eda tener&#8217;\u201d.<br \/>\u201cEl p\u00fablico, los barrios, los recibieron con flores porque los filipinos ya est\u00e1bamos bajo el control de los japoneses, pero se sab\u00eda que eso iba a cambiar porque los estadounidenses ya hab\u00edan controlado Manila y poco a poco se iban a despachar a los japoneses, por eso los recibieron bien\u201d, detall\u00f3 el embajador De Vega.<br \/>Su misi\u00f3n consisti\u00f3, adem\u00e1s del avistamiento de las posiciones enemigas, en \u201cla destrucci\u00f3n de puestos de artiller\u00eda enemiga y en apoyar a las operaciones de las tropas Aliadas que combat\u00edan en tierra\u201d, seg\u00fan se narra en el libro, para consolidar la liberaci\u00f3n de Filipinas. Su \u00e1rea de acci\u00f3n fue Porac, un pueblo en la provincia de Pampanga, a una hora y media al norte de Filipinas.<br \/>De Acuerdo con archivos del Instituto Nacional de Estudios Hist\u00f3ricos de las Revoluciones de M\u00e9xico (INEHRM), el Escuadr\u00f3n 201 realiz\u00f3 96 misiones en compa\u00f1\u00eda de Aliados de la Segunda Guerra Mundial, lanz\u00f3 252 bombas de prop\u00f3sito general y vol\u00f3 mil 966 horas en zonas de combate.<br \/>La participaci\u00f3n de los mexicanos en la Segunda Guerra Mundial fue de tan solo 7 meses en comparaci\u00f3n de los seis a\u00f1os que sostuvieron otras naciones como Estados Unidos, Alemania y Jap\u00f3n; sin embargo, represent\u00f3 una ayuda importante para Filipinas, como lo coment\u00f3 el c\u00f3nsul de Filipinas en M\u00e9xico, \u201cseguro salvaron muchas vidas\u201d.<br \/>-\u201cPancho Pistolas\u201d como su emblema<br \/>El teniente miembro del Escuadr\u00f3n, Miguel Moreno Arreola, fue quien eligi\u00f3 a un personaje animado de la pel\u00edcula \u201cLos Tres Caballeros\u201d de Walt Disney como la representaci\u00f3n de la unidad mexicana, latinoamericana y estadounidense en la Batalla de Luz\u00f3n.<br \/>De Vega comenta que en su pa\u00eds muchos ni\u00f1os hab\u00edan visto la pel\u00edcula de la productora estadounidense por lo que relacionaban a los miembros del Escuadr\u00f3n con el personaje de \u201cPancho Pistolas\u201d.<br \/>Este personaje era un gallo mexicano, amigo del \u201cPato Donald\u201d, quien junto con \u201cPepe Carioca\u201d, daban vida a \u201cLos Tres Caballeros\u201d, la cinta fue estrenada en 1944 con el objetivo de conseguir el apoyo pol\u00edtico de los pa\u00edses latinos hacia Estados Unidos ante la conflagraci\u00f3n.<br \/>\u201cPancho\u201d, como buen mexicano, se distingu\u00eda por ser muy alegre, le gustaba cantar en las fiestas tradicionales mexicanas, usando traje charro, sombrero y cargando un par de pistolas que tra\u00eda a los costados para disparar cuando quisiera.<br \/>-La bienvenida a M\u00e9xico<br \/>Despu\u00e9s que el ej\u00e9rcito japon\u00e9s se rindi\u00f3 el 2 de septiembre de 1945, el Escuadr\u00f3n 201 regres\u00f3 a M\u00e9xico. El expresidente \u00c1vila Camacho los recibi\u00f3 con todos los honores de h\u00e9roes de guerra, tambi\u00e9n recibieron reconocimientos de la Fuerza A\u00e9rea de los Estados Unidos y del pa\u00eds filipino.<br \/>Los integrantes del batall\u00f3n fueron ascendidos al grado inmediato superior y les otorgaron la medalla Servicio en el Lejano Oriente, Legi\u00f3n de Honor de M\u00e9xico, Medalla de la liberaci\u00f3n de la Rep\u00fablica Filipina, con gafete de recomendaci\u00f3n presidencial y algunas condecoraciones de Estados Unidos como Eficiencia del Ej\u00e9rcito, Eficiencia de la Fuerza A\u00e9rea, Campa\u00f1a de Americana, Campa\u00f1a Asia-Pacifico, y Victoria de la Segunda Guerra Mundial. El embajador De Vega cont\u00f3 que incluso \u201cel general estadounidense, Douglas MacArthur, los alab\u00f3 porque tuvieron una participaci\u00f3n importante. Nadie dir\u00eda que sin los mexicanos no hubi\u00e9ramos ganado, pero ayud\u00f3 mucho porque sus misiones salvaron vidas\u201d.<br \/>La ma\u00f1ana del domingo 18 de noviembre de 1945, los \u201caguiluchos\u201d, como fueron bautizados popularmente, eran esperados en la Ciudad de M\u00e9xico por centenares de hombres, mujeres y ni\u00f1os que se arremolinaban en la estaci\u00f3n Central de Buenavista, EL UNIVERSAL as\u00ed narraba aquel d\u00eda de j\u00fabilo:<br \/>\u201cLlegaron los h\u00e9roes llenando la ciudad de aplausos\u2026 Trescientos j\u00f3venes volv\u00edan del tr\u00e1gico teatro de la guerra donde tambi\u00e9n qued\u00f3 la sangre mexicana como s\u00edmbolo de un destino cumplido. Ya estaban aqu\u00ed, aquietando la angustia de sus seres cercanos y algunos pudieron, a\u00fan de prisa y emocionadamente, abrazar a los suyos al descender del convoy, porque antes deb\u00edan recibir el gran abrazo, el aplauso popular, los vivas de todo M\u00e9xico, que supo tapizar de flores y cari\u00f1o el trayecto de los morenos aguiluchos de la Estaci\u00f3n al Palacio Nacional\u201d.<br \/>El Gran Diario de M\u00e9xico reportaba en su primera plana todos los detalles sobre el arribo de los h\u00e9roes nacionales. Del tren, la primera figura en distinguirse fue la del general Antonio C\u00e1rdenas Rodr\u00edguez, quien despu\u00e9s del protocolo militar sostuvo un micr\u00f3fono para agradecer a los asistentes y a todo el pa\u00eds: \u201cQuerido pueblo de M\u00e9xico, -empez\u00f3 diciendo con voz incapaz de disimular la emoci\u00f3n-, en nombre de los Jefes, Oficiales y Tropa Expedicionaria a mis \u00f3rdenes, entrego nuestro mejor y m\u00e1s conmovido saludo y agradezco estas demostraciones de simpat\u00eda y de cari\u00f1o que hoy ustedes nos brindan\u201d.<br \/>\u201cCubriendo los aires con confetti, serpentinas y mensajes, el pueblo recibi\u00f3 a nuestros h\u00e9roes, miembros de las Fuerza A\u00e9rea Expedicionaria, durante el recorrido que hicieron a bordo de sus propios \u201cjeeps, desde la Estaci\u00f3n Central al Z\u00f3calo\u201d, relatan las cr\u00f3nicas escritas.<br \/>Recuerdos del Escuadr\u00f3n en la ciudad<br \/>De acuerdo con el autor del libro \u201cEscuadr\u00f3n 201\u201d, Rolando Niquet, \u201cse estima que la participaci\u00f3n de la FAEM durante la liberaci\u00f3n del archipi\u00e9lago filipino caus\u00f3 m\u00e1s de 30 mil bajas a las tropas japonesas\u201d.<br \/>En el 2012 al Escuadr\u00f3n 201 se le otorg\u00f3 la m\u00e1xima condecoraci\u00f3n militar que da el gobierno filipino: la Legi\u00f3n de Honor de las Filipinas por la entonces presidenta Gloria Macapagal-Arroyo.<br \/>\u201cPorque sabemos que fueron h\u00e9roes y ella como presidenta ten\u00eda mucho inter\u00e9s en reivindicar los lazos filipinos con M\u00e9xico, Latinoam\u00e9rica y Espa\u00f1a\u201d, agreg\u00f3 el diplom\u00e1tico de Filipinas en M\u00e9xico.<br \/>Otros de los homenajes que se han hecho para que siga vivo el recuerdo de esta unidad se encuentra, en el Bosque de Chapultepec, el Mausoleo de la Fuerza A\u00e9rea Expedicionaria Mexicana en donde se encuentran los restos mortales de dos de los cinco pilotos fallecidos en combate: capit\u00e1n Pablo Ruiz Rivas Mart\u00ednez, teniente Jos\u00e9 Espinoza Fuentes, teniente H\u00e9ctor Espinoza Galv\u00e1n, subteniente Fausto Vega Santander y subteniente Mario L\u00f3pez Portillo.<br \/>Adem\u00e1s, en la delegaci\u00f3n Iztapalapa se encuentran tres elementos que honran la memoria de este suceso: el Monumento al Escuadr\u00f3n 201, la estaci\u00f3n del Metro Escuadr\u00f3n 201 de la l\u00ednea 8 y la colonia que recibe el mismo nombre dentro del per\u00edmetro.<br \/>Cordial relaci\u00f3n M\u00e9xico-Filipinas<br \/>Un a\u00f1o despu\u00e9s de la guerra, en 1946, M\u00e9xico y Filipinas volvieron a estrechar sus relaciones entrando en comunicaci\u00f3n. \u201cPara Filipinas es un honor que M\u00e9xico decidi\u00f3 participar all\u00e1, en nuestra parte de la Tierra\u201d, coment\u00f3 el embajador De Vega.<br \/>Como en M\u00e9xico, en la capital de Filipinas se encuentra un Monumento al Escuadr\u00f3n 201 que es un \u00e1guila devorando una serpiente que dice: \u201clos componentes de la Fuerza A\u00e9rea Expedicionaria Mexicana. Escuadr\u00f3n de pelea 201 dedican este monumento a los hermanos ca\u00eddos en cumplimiento de su deber\u201d.<br \/>Este monumento edificado por los mismos combatientes en 1945- y que sigue en pie-, atribuye el embajador, es una evidencia del respeto y aprecio que se tiene por M\u00e9xico.<br \/>La foto comparativa antigua corresponde justamente a este monumento erigido por los propios combatientes en Manila, Filipinas. La imagen reciente donde aparece el presidente Enrique Pe\u00f1a Nieto, en Manila, es de Presidencia de la Rep\u00fablica, a\u00f1o 2015.<\/p>\n","protected":false},"excerpt":{"rendered":"<p>La vez que M\u00e9xico se declar\u00f3 en guerra<\/p>\n","protected":false},"author":93,"featured_media":0,"comment_status":"open","ping_status":"open","sticky":false,"template":"","format":"standard","meta":{"footnotes":""},"categories":[42],"tags":[],"class_list":["post-35433","post","type-post","status-publish","format-standard","hentry","category-nuestrapalabra"],"_links":{"self":[{"href":"https:\/\/plazajuarez.mx\/historico\/wp-json\/wp\/v2\/posts\/35433","targetHints":{"allow":["GET"]}}],"collection":[{"href":"https:\/\/plazajuarez.mx\/historico\/wp-json\/wp\/v2\/posts"}],"about":[{"href":"https:\/\/plazajuarez.mx\/historico\/wp-json\/wp\/v2\/types\/post"}],"author":[{"embeddable":true,"href":"https:\/\/plazajuarez.mx\/historico\/wp-json\/wp\/v2\/users\/93"}],"replies":[{"embeddable":true,"href":"https:\/\/plazajuarez.mx\/historico\/wp-json\/wp\/v2\/comments?post=35433"}],"version-history":[{"count":0,"href":"https:\/\/plazajuarez.mx\/historico\/wp-json\/wp\/v2\/posts\/35433\/revisions"}],"wp:attachment":[{"href":"https:\/\/plazajuarez.mx\/historico\/wp-json\/wp\/v2\/media?parent=35433"}],"wp:term":[{"taxonomy":"category","embeddable":true,"href":"https:\/\/plazajuarez.mx\/historico\/wp-json\/wp\/v2\/categories?post=35433"},{"taxonomy":"post_tag","embeddable":true,"href":"https:\/\/plazajuarez.mx\/historico\/wp-json\/wp\/v2\/tags?post=35433"}],"curies":[{"name":"wp","href":"https:\/\/api.w.org\/{rel}","templated":true}]}}