{"id":35431,"date":"2017-01-26T12:50:10","date_gmt":"2017-01-26T12:50:10","guid":{"rendered":"http:\/\/plazajuarez.mx\/index\/index.php\/2017\/01\/26\/capacitacion-continua-a-policias-municipales\/"},"modified":"2017-01-26T12:50:10","modified_gmt":"2017-01-26T12:50:10","slug":"capacitacion-continua-a-policias-municipales","status":"publish","type":"post","link":"https:\/\/plazajuarez.mx\/historico\/capacitacion-continua-a-policias-municipales\/","title":{"rendered":"Capacitaci\u00f3n continua a polic\u00edas municipales"},"content":{"rendered":"<p>Tulancingo <br \/>\u201cEl primer respondiente, que es el polic\u00eda, es el testigo de c\u00f3mo ocurrieron los hechos; tiene que hacer ahora un informe policial homologado, antes llamado \u201cpuesta a disposici\u00f3n\u201d, de manera muy completa para que con el nuevo sistema de justicia penal no se escape ning\u00fan elemento y la defensa pueda sacar r\u00e1pidamente al presunto\u201d, apunt\u00f3 el Alcalde<\/p>\n<p>  <!--more-->  <\/p>\n<p>Fernando P\u00e9rez Rodr\u00edguez, presidente municipal de Tulancingo y el delegado estatal de la Procuradur\u00eda General de la Rep\u00fablica, Jonathan Silva L\u00f3pez, firmaron un Acuerdo de Capacitaci\u00f3n Continua para las fuerzas policiales municipales y coordinaci\u00f3n interinstitucional para la prevenci\u00f3n del delito.<\/p>\n<p>El Jefe del Ejecutivo municipal indic\u00f3 que este acercamiento surge por la necesidad de trabajar conjuntamente con diferentes \u00f3rdenes de gobierno en materia de seguridad p\u00fablica y cursos de capacitaci\u00f3n, ya que con el nuevo sistema de justicia penal acusatorio, los elementos de seguridad y tr\u00e1nsito municipal deben estar bien capacitados para encarar la gran responsabilidad que tienen.<\/p>\n<p>Ser\u00e1n 280 elementos, tanto de seguridad p\u00fablica, como de tr\u00e1nsito municipal, quienes reciban estos cursos de capacitaci\u00f3n en los temas relacionados al nuevos sistema de justicia penal acusatorio, \u201cprimer respondiente\u201d, \u201ccadena de custodia\u201d e informe policial homologado.<\/p>\n<p>\u201cLo vamos a empezar a hacer en febrero y marzo, vamos a capacitar un aproximado de 280 elementos entre elementos de polic\u00eda y elementos de tr\u00e1nsito municipal; se capacitar\u00e1 por grupos de 50 elementos, hasta terminar los 280\u201d, apunt\u00f3 el Alcalde.<\/p>\n<p>Asimismo, en esta reuni\u00f3n de trabajo se acord\u00f3 mantener comunicaci\u00f3n y coordinaci\u00f3n a efecto de se\u00f1alar fechas para realizar acuerdos en el tema de prevenci\u00f3n del delito, a trav\u00e9s de las \u00e1reas de comunicaci\u00f3n social del municipio y de la delegaci\u00f3n.<\/p>\n<p>\u201cSon varias cosas que platicamos, pero en t\u00e9rminos generales tiene que ver esto con la capacitaci\u00f3n a las fuerzas policiales, que no s\u00f3lo beneficiar\u00e1 a la poblaci\u00f3n sino tambi\u00e9n a los elementos\u201d explic\u00f3.<br \/>Este acuerdo fue firmado por el presidente municipal, Fernando P\u00e9rez Rodr\u00edguez; el delegado de la PGR en Hidalgo, Jonathan Silva L\u00f3pez; el teniente Manuel Mart\u00ednez Dorantes, secretario de Seguridad Ciudadana municipal; Araceli Mateo S\u00e1nchez, titular de la Unidad de la Investigaci\u00f3n y Litigaci\u00f3n; Jorge Alberto Jim\u00e9nez Guti\u00e9rrez, fiscal en jefe de la Subsede de Tulancingo de Bravo y Ra\u00fal Cruz Garc\u00eda, auxiliar del procurador general de la Rep\u00fablica.<\/p>\n<p>Para concluir esta reuni\u00f3n de trabajo se hizo un recorrido por las instalaciones de la PGR, y se acord\u00f3 que en pr\u00f3ximas fechas se contar\u00e1 con la visita del delegado Jonathan Silva para dar continuidad a lo pactado.<\/p>\n","protected":false},"excerpt":{"rendered":"<p>Tulancingo \u201cEl primer respondiente, que es el polic\u00eda, es el testigo de c\u00f3mo ocurrieron los hechos; tiene que hacer ahora un informe policial homologado, antes llamado \u201cpuesta a disposici\u00f3n\u201d, de manera muy completa para que con el nuevo sistema de justicia penal no se escape ning\u00fan elemento y la defensa pueda sacar r\u00e1pidamente al presunto\u201d, [&hellip;]<\/p>\n","protected":false},"author":93,"featured_media":0,"comment_status":"open","ping_status":"open","sticky":false,"template":"","format":"standard","meta":{"footnotes":""},"categories":[40],"tags":[],"class_list":["post-35431","post","type-post","status-publish","format-standard","hentry","category-region"],"_links":{"self":[{"href":"https:\/\/plazajuarez.mx\/historico\/wp-json\/wp\/v2\/posts\/35431","targetHints":{"allow":["GET"]}}],"collection":[{"href":"https:\/\/plazajuarez.mx\/historico\/wp-json\/wp\/v2\/posts"}],"about":[{"href":"https:\/\/plazajuarez.mx\/historico\/wp-json\/wp\/v2\/types\/post"}],"author":[{"embeddable":true,"href":"https:\/\/plazajuarez.mx\/historico\/wp-json\/wp\/v2\/users\/93"}],"replies":[{"embeddable":true,"href":"https:\/\/plazajuarez.mx\/historico\/wp-json\/wp\/v2\/comments?post=35431"}],"version-history":[{"count":0,"href":"https:\/\/plazajuarez.mx\/historico\/wp-json\/wp\/v2\/posts\/35431\/revisions"}],"wp:attachment":[{"href":"https:\/\/plazajuarez.mx\/historico\/wp-json\/wp\/v2\/media?parent=35431"}],"wp:term":[{"taxonomy":"category","embeddable":true,"href":"https:\/\/plazajuarez.mx\/historico\/wp-json\/wp\/v2\/categories?post=35431"},{"taxonomy":"post_tag","embeddable":true,"href":"https:\/\/plazajuarez.mx\/historico\/wp-json\/wp\/v2\/tags?post=35431"}],"curies":[{"name":"wp","href":"https:\/\/api.w.org\/{rel}","templated":true}]}}