{"id":35428,"date":"2017-01-26T12:50:40","date_gmt":"2017-01-26T12:50:40","guid":{"rendered":"http:\/\/plazajuarez.mx\/index\/index.php\/2017\/01\/26\/lista-primera-exposicion-pictorica-para-el-centro-cultural-ricardo-garibay\/"},"modified":"2017-01-26T12:50:40","modified_gmt":"2017-01-26T12:50:40","slug":"lista-primera-exposicion-pictorica-para-el-centro-cultural-ricardo-garibay","status":"publish","type":"post","link":"https:\/\/plazajuarez.mx\/historico\/lista-primera-exposicion-pictorica-para-el-centro-cultural-ricardo-garibay\/","title":{"rendered":"Lista, primera exposici\u00f3n pict\u00f3rica para el Centro Cultural Ricardo Garibay"},"content":{"rendered":"<p>Tulancingo <br \/>Ser\u00e1 un tulancinguense quien d\u00e9 apertura al ciclo de exposiciones en este importante lugar<\/p>\n<p>  <!--more-->  <\/p>\n<p>Ma\u00f1ana ser\u00e1 inaugurada en Centro cultural Ricardo Garibay la exposici\u00f3n pict\u00f3rica Consecuencias del Catorce, del maestro Jos\u00e9 Antonio Torres Garc\u00eda.<\/p>\n<p>Lo anterior fue informado por el director de Cultura municipal, Omar Rold\u00e1n Rubio, quien detall\u00f3 que el evento iniciar\u00e1 a las 18:00 horas, con la presencia del propio artista, autoridades municipales y representantes del Congreso del estado.<\/p>\n<p>El funcionario municipal se\u00f1al\u00f3 tambi\u00e9n que la muestra Consecuencias del Catorce\u00a0 tiene como tem\u00e1tica central a la guerra\u00a0 y sus consecuencias sociales y humanas.<\/p>\n<p>Esta muestra consta de 20 cuadros en formato peque\u00f1o y con t\u00e9cnica de tinta, y tendr\u00e1 permanencia durante dos meses (del 27 de enero a 26 de Marzo) en la galer\u00eda\u00a0 externa del centro cultural Ricardo Garibay. <\/p>\n<p>El horario en que podr\u00e1 ser visitada es de 10 de la ma\u00f1ana a 6 de la tarde, de lunes a domingo.<\/p>\n<p>Rold\u00e1n Rubio inform\u00f3 tambi\u00e9n que el maestro Antonio Torres Garc\u00eda, es tulancinguense y su formaci\u00f3n art\u00edstica ha sido predominantemente autodidacta. En sus inicios estudi\u00f3 dibujo publicitario por correspondencia, y a partir de 1990 ingres\u00f3 a talleres con maestros como Jos\u00e9 Baz\u00e1n y Enrique Garnica. <\/p>\n<p>Asimismo, ha tenido colaboraciones como caricaturista y ha tomado talleres de\u00a0 experimentaci\u00f3n gr\u00e1fica y pl\u00e1stica, adem\u00e1s de que ha\u00a0 compartido su talento en el peri\u00f3dico El Sol de Tulancingo con vi\u00f1etas.<\/p>\n<p>En su trayectoria art\u00edstica se encuentran 11 exposiciones personales y 20 colectivas.<\/p>\n<p>Entre sus exposiciones m\u00e1s importantes figuran, \u201cArte Hidalguense\u201d en el Senado de la Rep\u00fablica, en la ciudad de M\u00e9xico y su participaci\u00f3n en la exposici\u00f3n colectiva internacional\u00a0 dedicada\u00a0 al poeta Pablo Neruda, en\u00a0 Par\u00eds, Francia.<\/p>\n<p>\u201cEn suma, es un artista que ha visto en las adversidades oportunidades de crecimiento y superaci\u00f3n\u201d, dijo el funcionario.<\/p>\n<p>Mencion\u00f3 tambi\u00e9n que, con esta exposici\u00f3n, se da apertura al ciclo de\u00a0 exposiciones orientadas a extender la red cultura para\u00a0 vincular a la\u00a0 poblaci\u00f3n con el arte en sus diversas manifestaciones y expresiones.<\/p>\n<p>En cuanto a otras actividades de la Direcci\u00f3n de Cultura municipal, se inform\u00f3 que este s\u00e1bado 28 de enero, a las 18:00 horas, tendr\u00e1 lugar el concierto \u201cGracias a la vida\u201d con la mezzosoprano Mary Dur\u00e1n y la flautista Alejandra M\u00e9ndez acompa\u00f1ados por el ensamble Tierra de Sonidos. <\/p>\n<p>Parte del repertorio ser\u00e1 jazz\u00edstico y el concierto se verificar\u00e1 en el foro\u00a0 Luciano Silva, de la escuela secundaria Jos\u00e9 Mar\u00eda Lezama. <\/p>\n<p>Otras\u00a0 exposiciones en puerta son: Muestra de caricaturas, una instalaci\u00f3n para el mes de marzo referente a la trascendencia acad\u00e9mica de la escuela secundaria federal No. 1 por m\u00e1s de cuarenta a\u00f1os.<\/p>\n","protected":false},"excerpt":{"rendered":"<p>Tulancingo Ser\u00e1 un tulancinguense quien d\u00e9 apertura al ciclo de exposiciones en este importante lugar<\/p>\n","protected":false},"author":93,"featured_media":0,"comment_status":"open","ping_status":"open","sticky":false,"template":"","format":"standard","meta":{"footnotes":""},"categories":[40],"tags":[],"class_list":["post-35428","post","type-post","status-publish","format-standard","hentry","category-region"],"_links":{"self":[{"href":"https:\/\/plazajuarez.mx\/historico\/wp-json\/wp\/v2\/posts\/35428","targetHints":{"allow":["GET"]}}],"collection":[{"href":"https:\/\/plazajuarez.mx\/historico\/wp-json\/wp\/v2\/posts"}],"about":[{"href":"https:\/\/plazajuarez.mx\/historico\/wp-json\/wp\/v2\/types\/post"}],"author":[{"embeddable":true,"href":"https:\/\/plazajuarez.mx\/historico\/wp-json\/wp\/v2\/users\/93"}],"replies":[{"embeddable":true,"href":"https:\/\/plazajuarez.mx\/historico\/wp-json\/wp\/v2\/comments?post=35428"}],"version-history":[{"count":0,"href":"https:\/\/plazajuarez.mx\/historico\/wp-json\/wp\/v2\/posts\/35428\/revisions"}],"wp:attachment":[{"href":"https:\/\/plazajuarez.mx\/historico\/wp-json\/wp\/v2\/media?parent=35428"}],"wp:term":[{"taxonomy":"category","embeddable":true,"href":"https:\/\/plazajuarez.mx\/historico\/wp-json\/wp\/v2\/categories?post=35428"},{"taxonomy":"post_tag","embeddable":true,"href":"https:\/\/plazajuarez.mx\/historico\/wp-json\/wp\/v2\/tags?post=35428"}],"curies":[{"name":"wp","href":"https:\/\/api.w.org\/{rel}","templated":true}]}}