{"id":35425,"date":"2017-01-26T12:45:10","date_gmt":"2017-01-26T12:45:10","guid":{"rendered":"http:\/\/plazajuarez.mx\/index\/index.php\/2017\/01\/26\/futbol-nacional-633\/"},"modified":"2017-01-26T12:45:10","modified_gmt":"2017-01-26T12:45:10","slug":"futbol-nacional-633","status":"publish","type":"post","link":"https:\/\/plazajuarez.mx\/historico\/futbol-nacional-633\/","title":{"rendered":"Futbol Nacional"},"content":{"rendered":"<p>BENEFICIO A J\u00d3VENES JUGAR CONTRA PROFESIONALES: OSORIO<\/p>\n<p>  <!--more-->  <\/p>\n<p>Juan Carlos Osorio, t\u00e9cnico de la Selecci\u00f3n Mexicana de Futbol, afirm\u00f3 que beneficia mucho a los jugadores de las selecciones menores jugar contra un equipo profesional.<br \/>Ayer Pumas de la UNAM derrot\u00f3 3-1 a la Selecci\u00f3n Mexicana Sub-20, en juego amistoso celebrado en el estadio Ol\u00edmpico Universitario.<br \/>**<\/p>\n<p>GIRAN ORDEN DE APREHENSI\u00d3N CONTRA JES\u00daS ARELLANO<br \/>Hace unos d\u00edas, se dio a conocer que esta semana, Jes\u00fas \u201cEl Cabrito\u201d Arellano deb\u00eda comparecer ante las autoridades en Nuevo Le\u00f3n tras una denuncia en su contra. El ex de Rayados fue acusado por una supuesta violaci\u00f3n por parte de su sobrina de 16 a\u00f1os.<br \/>Arellano habr\u00eda faltado ayer a rendir su declaraci\u00f3n frente a las autoridades. Por tal motivo, se ha levantado la orden de aprehensi\u00f3n y localizaci\u00f3n en contra del futbolista mexicano.<br \/>Actualmente se desconoce si el ex futbolista de 43 a\u00f1os siga en el pa\u00eds.<br \/>**<\/p>\n<p>EX JUGADOR DE AM\u00c9RICA EXPLOTA CONTRA LA VOLPE <br \/>Ricardo La Volpe ha dado mucho de qu\u00e9 hablar a la prensa nacional, debido a sus declaraciones del Centenario del Am\u00e9rica, la ausencia de m\u00e1s refuerzos y el mal inicio de torneo.<br \/>Pero lo m\u00e1s reciente en su contra no ha sido provocado por \u00e9l, sino por un ex americanista, Isaac Terrazas, quien en entrevista, afirm\u00f3 que el discurso del argentino ya no funciona para el club de Coapa.<br \/>\u201cNo es f\u00e1cil estar en el Am\u00e9rica. \u00c9l estuvo cinco fechas hace algunos a\u00f1itos\u2026 y ya ven c\u00f3mo le fue\u2026 En ese tiempo quer\u00eda golpear a Cuauht\u00e9moc Blanco, a Germ\u00e1n Villa, a Ra\u00fal Lara y a m\u00ed.<\/p>\n","protected":false},"excerpt":{"rendered":"<p>BENEFICIO A J\u00d3VENES JUGAR CONTRA PROFESIONALES: OSORIO<\/p>\n","protected":false},"author":93,"featured_media":0,"comment_status":"open","ping_status":"open","sticky":false,"template":"","format":"standard","meta":{"footnotes":""},"categories":[39],"tags":[],"class_list":["post-35425","post","type-post","status-publish","format-standard","hentry","category-deportiva"],"_links":{"self":[{"href":"https:\/\/plazajuarez.mx\/historico\/wp-json\/wp\/v2\/posts\/35425","targetHints":{"allow":["GET"]}}],"collection":[{"href":"https:\/\/plazajuarez.mx\/historico\/wp-json\/wp\/v2\/posts"}],"about":[{"href":"https:\/\/plazajuarez.mx\/historico\/wp-json\/wp\/v2\/types\/post"}],"author":[{"embeddable":true,"href":"https:\/\/plazajuarez.mx\/historico\/wp-json\/wp\/v2\/users\/93"}],"replies":[{"embeddable":true,"href":"https:\/\/plazajuarez.mx\/historico\/wp-json\/wp\/v2\/comments?post=35425"}],"version-history":[{"count":0,"href":"https:\/\/plazajuarez.mx\/historico\/wp-json\/wp\/v2\/posts\/35425\/revisions"}],"wp:attachment":[{"href":"https:\/\/plazajuarez.mx\/historico\/wp-json\/wp\/v2\/media?parent=35425"}],"wp:term":[{"taxonomy":"category","embeddable":true,"href":"https:\/\/plazajuarez.mx\/historico\/wp-json\/wp\/v2\/categories?post=35425"},{"taxonomy":"post_tag","embeddable":true,"href":"https:\/\/plazajuarez.mx\/historico\/wp-json\/wp\/v2\/tags?post=35425"}],"curies":[{"name":"wp","href":"https:\/\/api.w.org\/{rel}","templated":true}]}}