{"id":35422,"date":"2017-01-26T12:43:12","date_gmt":"2017-01-26T12:43:12","guid":{"rendered":"http:\/\/plazajuarez.mx\/index\/index.php\/2017\/01\/26\/noche-de-incendios-en-la-capital-hidalguense\/"},"modified":"2017-01-26T12:43:12","modified_gmt":"2017-01-26T12:43:12","slug":"noche-de-incendios-en-la-capital-hidalguense","status":"publish","type":"post","link":"https:\/\/plazajuarez.mx\/historico\/noche-de-incendios-en-la-capital-hidalguense\/","title":{"rendered":"NOCHE DE INCENDIOS EN LA CAPITAL HIDALGUENSE"},"content":{"rendered":"<p>ZONA METROPOLITANA <\/p>\n<p>  <!--more-->  <\/p>\n<p>La noche del pasado martes personal del H. Cuerpo de Bomberos de Hidalgo, atendi\u00f3 los llamados de cinco incendios <br \/>La noche del pasado martes personal del H. Cuerpo de Bomberos de Hidalgo, atendi\u00f3 los llamados de cinco incendios registrados en la zona metropolitana de Pachuca<br \/>Dichos siniestros se presentaron en la carretera a La Estanzuela, localidad de San Juan Tilcuautla, municipio de San Agust\u00edn Tlaxiaca. Aproximadamente 4 hect\u00e1reas de material espinoso afectadas.<br \/>Lo mismo ocurri\u00f3 en el boulevard Las Torres, entronque con carretera Pachuca-Ciudad Sahag\u00fan, localidad de Palma Gorda, Mineral de la Reforma. Incendio leve en terreno-dep\u00f3sito de neum\u00e1ticos en desuso.<br \/>As\u00ed mismo en la v\u00eda de ferrocarril, a espaldas de fraccionamiento La Reforma, municipio de Mineral de la Reforma. Quema de aproximadamente 2 hect\u00e1reas de pastizal. Liquidado en coordinaci\u00f3n con Protecci\u00f3n Civil de Mineral de la Reforma.<br \/>Uno m\u00e1s fue reportado en el cerro de localidad de Santa Gertrudis, municipio de Pachuca. Afectaci\u00f3n de tres hect\u00e1reas de material espinoso. Controlado en coordinaci\u00f3n con Protecci\u00f3n Civil de Pachuca y vecinos del lugar.<br \/>Y finalmente el \u00faltimo en calle de Los \u00c1ngeles, colonia Minerva, municipio de Mineral de la Reforma, Quema de basura en inmueble deshabitado. Liquidado en coordinaci\u00f3n con Protecci\u00f3n Civil de Mineral de la Reforma.<\/p>\n","protected":false},"excerpt":{"rendered":"<p>ZONA METROPOLITANA<\/p>\n","protected":false},"author":93,"featured_media":0,"comment_status":"open","ping_status":"open","sticky":false,"template":"","format":"standard","meta":{"footnotes":""},"categories":[37],"tags":[],"class_list":["post-35422","post","type-post","status-publish","format-standard","hentry","category-barandilla"],"_links":{"self":[{"href":"https:\/\/plazajuarez.mx\/historico\/wp-json\/wp\/v2\/posts\/35422","targetHints":{"allow":["GET"]}}],"collection":[{"href":"https:\/\/plazajuarez.mx\/historico\/wp-json\/wp\/v2\/posts"}],"about":[{"href":"https:\/\/plazajuarez.mx\/historico\/wp-json\/wp\/v2\/types\/post"}],"author":[{"embeddable":true,"href":"https:\/\/plazajuarez.mx\/historico\/wp-json\/wp\/v2\/users\/93"}],"replies":[{"embeddable":true,"href":"https:\/\/plazajuarez.mx\/historico\/wp-json\/wp\/v2\/comments?post=35422"}],"version-history":[{"count":0,"href":"https:\/\/plazajuarez.mx\/historico\/wp-json\/wp\/v2\/posts\/35422\/revisions"}],"wp:attachment":[{"href":"https:\/\/plazajuarez.mx\/historico\/wp-json\/wp\/v2\/media?parent=35422"}],"wp:term":[{"taxonomy":"category","embeddable":true,"href":"https:\/\/plazajuarez.mx\/historico\/wp-json\/wp\/v2\/categories?post=35422"},{"taxonomy":"post_tag","embeddable":true,"href":"https:\/\/plazajuarez.mx\/historico\/wp-json\/wp\/v2\/tags?post=35422"}],"curies":[{"name":"wp","href":"https:\/\/api.w.org\/{rel}","templated":true}]}}